{"id":12053,"date":"2021-09-17T10:38:30","date_gmt":"2021-09-17T10:38:30","guid":{"rendered":"http:\/\/amicsliceu.com\/12046\/"},"modified":"2021-09-20T12:39:53","modified_gmt":"2021-09-20T12:39:53","slug":"12046","status":"publish","type":"post","link":"https:\/\/amicsliceu.com\/es\/12046\/","title":{"rendered":"Amigos\/as, ya pod\u00e9is recoger vuestro libro \u00abTemporada de \u00f3pera 2021-2022\u00bb"},"content":{"rendered":"<div style=\"text-align: justify;\">\n<p>Estimados Amigos\/as<\/p>\n<p>Nos hace especial ilusi\u00f3n informaros de que<strong> ya pod\u00e9is recoger vuestro libro <em>Temporada d&#8217;\u00d2pera 2021-2022<\/em>, con el que obsequiamos anualmente a todos nuestros socios<\/strong>.<\/p>\n<p>El libro <em>Temporada d\u2019\u00f2pera<\/em>, creado por Amics del Liceu el 1991, llega este a\u00f1o a su 30a edici\u00f3n. En esta ocasi\u00f3n, ha invitado a <strong>Victoria Civera\u00a0<\/strong>a acercar su visi\u00f3n de la l\u00edrica a los socios, aficionados y a los lectores en general. En cuanto a los textos, <strong>Maria Barbal<\/strong>\u00a0o\u00a0<strong>Nicoletta Mantovani<\/strong>, entre otros, aportan una voz personal, al lado del an\u00e1lisis de acad\u00e9micos y especialistas internacionales.<strong> La exposici\u00f3n de los originales <\/strong>de la artista valenciana se podr\u00e1n ver a partir del mi\u00e9rcoles 20 de octubre y hasta el 20 de diciembre en el Balc\u00f3n Foyer del Liceu (acceso durante las funciones ).<\/p>\n<p><strong>Este a\u00f1o, los puntos de recogida ser\u00e1n los siguientes:\u00a0<\/strong><\/p>\n<p><b>\u00b7En el despacho de la Asociaci\u00f3n\u00a0<\/b><br \/>\n<strong>La Rambla 88 2\u00ba piso, entrada por Passatge Amadeu Bagu\u00e9s (<a href=\"https:\/\/amicsliceu.us9.list-manage.com\/track\/click?u=b56f02be9b4d90f3e199aba70&amp;id=17e29e0fcc&amp;e=2c044d59f0\" target=\"_blank\" rel=\"noopener\" data-cke-saved-href=\"https:\/\/amicsliceu.us9.list-manage.com\/track\/click?u=b56f02be9b4d90f3e199aba70&amp;id=17e29e0fcc&amp;e=2c044d59f0\">c\u00f3mo llegar?<\/a>)<\/strong><br \/>\nde lunes a jueves de 10h a 18h<br \/>\nViernes de 10h a 15h<\/p>\n<p><strong>\u00b7En las actividades de Amics del Liceu\u00a0\u00a0<\/strong><br \/>\n(Informando previamente a la secretar\u00eda de la Asociaci\u00f3n )<\/p>\n<p><strong>\u00b7En el Gran Teatre del Liceu*<\/strong><\/p>\n<\/div>\n<div><strong>Mostrador de informaci\u00f3n<\/strong> \/ de lunes a viernes de 9 a 15h (el mostrador de informaci\u00f3n del Liceu est\u00e1 situado al lado de las taquillas)<br \/>\n<strong>Taquillas<\/strong> \/ Viernes de 15 a 19h y s\u00e1bados de 10 a 18h (los d\u00edas con representaci\u00f3n, abierto hasta el inicio de la funci\u00f3n)<strong>*<br \/>\nPara recoger el libro en el Liceu, har\u00e1 falta identificarse con el carnet de Amics del Liceu o el DNI para verificar la identidad.<\/strong><\/div>\n","protected":false},"excerpt":{"rendered":"<p>Estimados Amigos\/as Nos hace especial ilusi\u00f3n informaros de que ya pod\u00e9is recoger vuestro libro Temporada d&#8217;\u00d2pera 2021-2022, con el que obsequiamos anualmente a todos nuestros socios. El libro Temporada d\u2019\u00f2pera, creado por Amics del Liceu el 1991, llega este a\u00f1o&hellip;<\/p>\n","protected":false},"author":1,"featured_media":12048,"comment_status":"closed","ping_status":"open","sticky":false,"template":"","format":"standard","meta":{"footnotes":""},"categories":[62],"tags":[],"class_list":["post-12053","post","type-post","status-publish","format-standard","has-post-thumbnail","hentry","category-noticias-culturales","entry","has-media"],"yoast_head":"<!-- This site is optimized with the Yoast SEO plugin v23.9 - https:\/\/yoast.com\/wordpress\/plugins\/seo\/ -->\n<title>Amigos\/as, ya pod\u00e9is recoger vuestro libro &quot;Temporada de \u00f3pera 2021-2022&quot; - Amics del Liceu<\/title>\n<meta name=\"robots\" content=\"index, follow, max-snippet:-1, max-image-preview:large, max-video-preview:-1\" \/>\n<link rel=\"canonical\" href=\"https:\/\/amicsliceu.com\/es\/12046\/\" \/>\n<meta property=\"og:locale\" content=\"es_ES\" \/>\n<meta property=\"og:type\" content=\"article\" \/>\n<meta property=\"og:title\" content=\"Amigos\/as, ya pod\u00e9is recoger vuestro libro &quot;Temporada de \u00f3pera 2021-2022&quot; - Amics del Liceu\" \/>\n<meta property=\"og:description\" content=\"Estimados Amigos\/as Nos hace especial ilusi\u00f3n informaros de que ya pod\u00e9is recoger vuestro libro Temporada d&#8217;\u00d2pera 2021-2022, con el que obsequiamos anualmente a todos nuestros socios. El libro Temporada d\u2019\u00f2pera, creado por Amics del Liceu el 1991, llega este a\u00f1o&hellip;\" \/>\n<meta property=\"og:url\" content=\"https:\/\/amicsliceu.com\/es\/12046\/\" \/>\n<meta property=\"og:site_name\" content=\"Amics del Liceu\" \/>\n<meta property=\"article:published_time\" content=\"2021-09-17T10:38:30+00:00\" \/>\n<meta property=\"article:modified_time\" content=\"2021-09-20T12:39:53+00:00\" \/>\n<meta property=\"og:image\" content=\"https:\/\/amicsliceu.com\/wp-content\/uploads\/2021\/09\/PORTADAD-TempOpera-21-22_CAT-1-scaled.jpg\" \/>\n\t<meta property=\"og:image:width\" content=\"1766\" \/>\n\t<meta property=\"og:image:height\" content=\"2560\" \/>\n\t<meta property=\"og:image:type\" content=\"image\/jpeg\" \/>\n<meta name=\"author\" content=\"amicsdelliceu\" \/>\n<meta name=\"twitter:card\" content=\"summary_large_image\" \/>\n<meta name=\"twitter:label1\" content=\"Escrito por\" \/>\n\t<meta name=\"twitter:data1\" content=\"amicsdelliceu\" \/>\n\t<meta name=\"twitter:label2\" content=\"Tiempo de lectura\" \/>\n\t<meta name=\"twitter:data2\" content=\"2 minutos\" \/>\n<script type=\"application\/ld+json\" class=\"yoast-schema-graph\">{\"@context\":\"https:\/\/schema.org\",\"@graph\":[{\"@type\":\"Article\",\"@id\":\"https:\/\/amicsliceu.com\/es\/12046\/#article\",\"isPartOf\":{\"@id\":\"https:\/\/amicsliceu.com\/es\/12046\/\"},\"author\":{\"name\":\"amicsdelliceu\",\"@id\":\"https:\/\/amicsliceu.com\/es\/#\/schema\/person\/85f0597494326deed30f87ce0123b00f\"},\"headline\":\"Amigos\/as, ya pod\u00e9is recoger vuestro libro \u00abTemporada de \u00f3pera 2021-2022\u00bb\",\"datePublished\":\"2021-09-17T10:38:30+00:00\",\"dateModified\":\"2021-09-20T12:39:53+00:00\",\"mainEntityOfPage\":{\"@id\":\"https:\/\/amicsliceu.com\/es\/12046\/\"},\"wordCount\":294,\"publisher\":{\"@id\":\"https:\/\/amicsliceu.com\/es\/#organization\"},\"image\":{\"@id\":\"https:\/\/amicsliceu.com\/es\/12046\/#primaryimage\"},\"thumbnailUrl\":\"https:\/\/amicsliceu.com\/wp-content\/uploads\/2021\/09\/PORTADAD-TempOpera-21-22_CAT-1-scaled.jpg\",\"articleSection\":[\"Not\u00edcias culturales\"],\"inLanguage\":\"es\"},{\"@type\":\"WebPage\",\"@id\":\"https:\/\/amicsliceu.com\/es\/12046\/\",\"url\":\"https:\/\/amicsliceu.com\/es\/12046\/\",\"name\":\"Amigos\/as, ya pod\u00e9is recoger vuestro libro \\\"Temporada de \u00f3pera 2021-2022\\\" - Amics del Liceu\",\"isPartOf\":{\"@id\":\"https:\/\/amicsliceu.com\/es\/#website\"},\"primaryImageOfPage\":{\"@id\":\"https:\/\/amicsliceu.com\/es\/12046\/#primaryimage\"},\"image\":{\"@id\":\"https:\/\/amicsliceu.com\/es\/12046\/#primaryimage\"},\"thumbnailUrl\":\"https:\/\/amicsliceu.com\/wp-content\/uploads\/2021\/09\/PORTADAD-TempOpera-21-22_CAT-1-scaled.jpg\",\"datePublished\":\"2021-09-17T10:38:30+00:00\",\"dateModified\":\"2021-09-20T12:39:53+00:00\",\"breadcrumb\":{\"@id\":\"https:\/\/amicsliceu.com\/es\/12046\/#breadcrumb\"},\"inLanguage\":\"es\",\"potentialAction\":[{\"@type\":\"ReadAction\",\"target\":[\"https:\/\/amicsliceu.com\/es\/12046\/\"]}]},{\"@type\":\"ImageObject\",\"inLanguage\":\"es\",\"@id\":\"https:\/\/amicsliceu.com\/es\/12046\/#primaryimage\",\"url\":\"https:\/\/amicsliceu.com\/wp-content\/uploads\/2021\/09\/PORTADAD-TempOpera-21-22_CAT-1-scaled.jpg\",\"contentUrl\":\"https:\/\/amicsliceu.com\/wp-content\/uploads\/2021\/09\/PORTADAD-TempOpera-21-22_CAT-1-scaled.jpg\",\"width\":1766,\"height\":2560},{\"@type\":\"BreadcrumbList\",\"@id\":\"https:\/\/amicsliceu.com\/es\/12046\/#breadcrumb\",\"itemListElement\":[{\"@type\":\"ListItem\",\"position\":1,\"name\":\"Inicio\",\"item\":\"https:\/\/amicsliceu.com\/es\/\"},{\"@type\":\"ListItem\",\"position\":2,\"name\":\"Amigos\/as, ya pod\u00e9is recoger vuestro libro \u00abTemporada de \u00f3pera 2021-2022\u00bb\"}]},{\"@type\":\"WebSite\",\"@id\":\"https:\/\/amicsliceu.com\/es\/#website\",\"url\":\"https:\/\/amicsliceu.com\/es\/\",\"name\":\"Amics del Liceu\",\"description\":\"\",\"publisher\":{\"@id\":\"https:\/\/amicsliceu.com\/es\/#organization\"},\"potentialAction\":[{\"@type\":\"SearchAction\",\"target\":{\"@type\":\"EntryPoint\",\"urlTemplate\":\"https:\/\/amicsliceu.com\/es\/?s={search_term_string}\"},\"query-input\":{\"@type\":\"PropertyValueSpecification\",\"valueRequired\":true,\"valueName\":\"search_term_string\"}}],\"inLanguage\":\"es\"},{\"@type\":\"Organization\",\"@id\":\"https:\/\/amicsliceu.com\/es\/#organization\",\"name\":\"Amics del Liceu\",\"url\":\"https:\/\/amicsliceu.com\/es\/\",\"logo\":{\"@type\":\"ImageObject\",\"inLanguage\":\"es\",\"@id\":\"https:\/\/amicsliceu.com\/es\/#\/schema\/logo\/image\/\",\"url\":\"http:\/\/amicsliceu.com\/wp-content\/uploads\/2019\/03\/logo.png\",\"contentUrl\":\"http:\/\/amicsliceu.com\/wp-content\/uploads\/2019\/03\/logo.png\",\"width\":225,\"height\":92,\"caption\":\"Amics del Liceu\"},\"image\":{\"@id\":\"https:\/\/amicsliceu.com\/es\/#\/schema\/logo\/image\/\"}},{\"@type\":\"Person\",\"@id\":\"https:\/\/amicsliceu.com\/es\/#\/schema\/person\/85f0597494326deed30f87ce0123b00f\",\"name\":\"amicsdelliceu\",\"image\":{\"@type\":\"ImageObject\",\"inLanguage\":\"es\",\"@id\":\"https:\/\/amicsliceu.com\/es\/#\/schema\/person\/image\/\",\"url\":\"https:\/\/secure.gravatar.com\/avatar\/5020097ee7953cd5faf719e49be1709e?s=96&d=mm&r=g\",\"contentUrl\":\"https:\/\/secure.gravatar.com\/avatar\/5020097ee7953cd5faf719e49be1709e?s=96&d=mm&r=g\",\"caption\":\"amicsdelliceu\"},\"url\":\"https:\/\/amicsliceu.com\/es\/author\/admin\/\"}]}<\/script>\n<!-- \/ Yoast SEO plugin. -->","yoast_head_json":{"title":"Amigos\/as, ya pod\u00e9is recoger vuestro libro \"Temporada de \u00f3pera 2021-2022\" - Amics del Liceu","robots":{"index":"index","follow":"follow","max-snippet":"max-snippet:-1","max-image-preview":"max-image-preview:large","max-video-preview":"max-video-preview:-1"},"canonical":"https:\/\/amicsliceu.com\/es\/12046\/","og_locale":"es_ES","og_type":"article","og_title":"Amigos\/as, ya pod\u00e9is recoger vuestro libro \"Temporada de \u00f3pera 2021-2022\" - Amics del Liceu","og_description":"Estimados Amigos\/as Nos hace especial ilusi\u00f3n informaros de que ya pod\u00e9is recoger vuestro libro Temporada d&#8217;\u00d2pera 2021-2022, con el que obsequiamos anualmente a todos nuestros socios. El libro Temporada d\u2019\u00f2pera, creado por Amics del Liceu el 1991, llega este a\u00f1o&hellip;","og_url":"https:\/\/amicsliceu.com\/es\/12046\/","og_site_name":"Amics del Liceu","article_published_time":"2021-09-17T10:38:30+00:00","article_modified_time":"2021-09-20T12:39:53+00:00","og_image":[{"width":1766,"height":2560,"url":"https:\/\/amicsliceu.com\/wp-content\/uploads\/2021\/09\/PORTADAD-TempOpera-21-22_CAT-1-scaled.jpg","type":"image\/jpeg"}],"author":"amicsdelliceu","twitter_card":"summary_large_image","twitter_misc":{"Escrito por":"amicsdelliceu","Tiempo de lectura":"2 minutos"},"schema":{"@context":"https:\/\/schema.org","@graph":[{"@type":"Article","@id":"https:\/\/amicsliceu.com\/es\/12046\/#article","isPartOf":{"@id":"https:\/\/amicsliceu.com\/es\/12046\/"},"author":{"name":"amicsdelliceu","@id":"https:\/\/amicsliceu.com\/es\/#\/schema\/person\/85f0597494326deed30f87ce0123b00f"},"headline":"Amigos\/as, ya pod\u00e9is recoger vuestro libro \u00abTemporada de \u00f3pera 2021-2022\u00bb","datePublished":"2021-09-17T10:38:30+00:00","dateModified":"2021-09-20T12:39:53+00:00","mainEntityOfPage":{"@id":"https:\/\/amicsliceu.com\/es\/12046\/"},"wordCount":294,"publisher":{"@id":"https:\/\/amicsliceu.com\/es\/#organization"},"image":{"@id":"https:\/\/amicsliceu.com\/es\/12046\/#primaryimage"},"thumbnailUrl":"https:\/\/amicsliceu.com\/wp-content\/uploads\/2021\/09\/PORTADAD-TempOpera-21-22_CAT-1-scaled.jpg","articleSection":["Not\u00edcias culturales"],"inLanguage":"es"},{"@type":"WebPage","@id":"https:\/\/amicsliceu.com\/es\/12046\/","url":"https:\/\/amicsliceu.com\/es\/12046\/","name":"Amigos\/as, ya pod\u00e9is recoger vuestro libro \"Temporada de \u00f3pera 2021-2022\" - Amics del Liceu","isPartOf":{"@id":"https:\/\/amicsliceu.com\/es\/#website"},"primaryImageOfPage":{"@id":"https:\/\/amicsliceu.com\/es\/12046\/#primaryimage"},"image":{"@id":"https:\/\/amicsliceu.com\/es\/12046\/#primaryimage"},"thumbnailUrl":"https:\/\/amicsliceu.com\/wp-content\/uploads\/2021\/09\/PORTADAD-TempOpera-21-22_CAT-1-scaled.jpg","datePublished":"2021-09-17T10:38:30+00:00","dateModified":"2021-09-20T12:39:53+00:00","breadcrumb":{"@id":"https:\/\/amicsliceu.com\/es\/12046\/#breadcrumb"},"inLanguage":"es","potentialAction":[{"@type":"ReadAction","target":["https:\/\/amicsliceu.com\/es\/12046\/"]}]},{"@type":"ImageObject","inLanguage":"es","@id":"https:\/\/amicsliceu.com\/es\/12046\/#primaryimage","url":"https:\/\/amicsliceu.com\/wp-content\/uploads\/2021\/09\/PORTADAD-TempOpera-21-22_CAT-1-scaled.jpg","contentUrl":"https:\/\/amicsliceu.com\/wp-content\/uploads\/2021\/09\/PORTADAD-TempOpera-21-22_CAT-1-scaled.jpg","width":1766,"height":2560},{"@type":"BreadcrumbList","@id":"https:\/\/amicsliceu.com\/es\/12046\/#breadcrumb","itemListElement":[{"@type":"ListItem","position":1,"name":"Inicio","item":"https:\/\/amicsliceu.com\/es\/"},{"@type":"ListItem","position":2,"name":"Amigos\/as, ya pod\u00e9is recoger vuestro libro \u00abTemporada de \u00f3pera 2021-2022\u00bb"}]},{"@type":"WebSite","@id":"https:\/\/amicsliceu.com\/es\/#website","url":"https:\/\/amicsliceu.com\/es\/","name":"Amics del Liceu","description":"","publisher":{"@id":"https:\/\/amicsliceu.com\/es\/#organization"},"potentialAction":[{"@type":"SearchAction","target":{"@type":"EntryPoint","urlTemplate":"https:\/\/amicsliceu.com\/es\/?s={search_term_string}"},"query-input":{"@type":"PropertyValueSpecification","valueRequired":true,"valueName":"search_term_string"}}],"inLanguage":"es"},{"@type":"Organization","@id":"https:\/\/amicsliceu.com\/es\/#organization","name":"Amics del Liceu","url":"https:\/\/amicsliceu.com\/es\/","logo":{"@type":"ImageObject","inLanguage":"es","@id":"https:\/\/amicsliceu.com\/es\/#\/schema\/logo\/image\/","url":"http:\/\/amicsliceu.com\/wp-content\/uploads\/2019\/03\/logo.png","contentUrl":"http:\/\/amicsliceu.com\/wp-content\/uploads\/2019\/03\/logo.png","width":225,"height":92,"caption":"Amics del Liceu"},"image":{"@id":"https:\/\/amicsliceu.com\/es\/#\/schema\/logo\/image\/"}},{"@type":"Person","@id":"https:\/\/amicsliceu.com\/es\/#\/schema\/person\/85f0597494326deed30f87ce0123b00f","name":"amicsdelliceu","image":{"@type":"ImageObject","inLanguage":"es","@id":"https:\/\/amicsliceu.com\/es\/#\/schema\/person\/image\/","url":"https:\/\/secure.gravatar.com\/avatar\/5020097ee7953cd5faf719e49be1709e?s=96&d=mm&r=g","contentUrl":"https:\/\/secure.gravatar.com\/avatar\/5020097ee7953cd5faf719e49be1709e?s=96&d=mm&r=g","caption":"amicsdelliceu"},"url":"https:\/\/amicsliceu.com\/es\/author\/admin\/"}]}},"views":0,"_links":{"self":[{"href":"https:\/\/amicsliceu.com\/es\/wp-json\/wp\/v2\/posts\/12053"}],"collection":[{"href":"https:\/\/amicsliceu.com\/es\/wp-json\/wp\/v2\/posts"}],"about":[{"href":"https:\/\/amicsliceu.com\/es\/wp-json\/wp\/v2\/types\/post"}],"author":[{"embeddable":true,"href":"https:\/\/amicsliceu.com\/es\/wp-json\/wp\/v2\/users\/1"}],"replies":[{"embeddable":true,"href":"https:\/\/amicsliceu.com\/es\/wp-json\/wp\/v2\/comments?post=12053"}],"version-history":[{"count":2,"href":"https:\/\/amicsliceu.com\/es\/wp-json\/wp\/v2\/posts\/12053\/revisions"}],"predecessor-version":[{"id":12055,"href":"https:\/\/amicsliceu.com\/es\/wp-json\/wp\/v2\/posts\/12053\/revisions\/12055"}],"wp:featuredmedia":[{"embeddable":true,"href":"https:\/\/amicsliceu.com\/es\/wp-json\/wp\/v2\/media\/12048"}],"wp:attachment":[{"href":"https:\/\/amicsliceu.com\/es\/wp-json\/wp\/v2\/media?parent=12053"}],"wp:term":[{"taxonomy":"category","embeddable":true,"href":"https:\/\/amicsliceu.com\/es\/wp-json\/wp\/v2\/categories?post=12053"},{"taxonomy":"post_tag","embeddable":true,"href":"https:\/\/amicsliceu.com\/es\/wp-json\/wp\/v2\/tags?post=12053"}],"curies":[{"name":"wp","href":"https:\/\/api.w.org\/{rel}","templated":true}]}}