{"id":13870,"date":"2022-04-01T10:25:05","date_gmt":"2022-04-01T10:25:05","guid":{"rendered":"http:\/\/amicsliceu.com\/salzburg-del-28-al-31-dagost\/"},"modified":"2022-07-06T12:35:22","modified_gmt":"2022-07-06T12:35:22","slug":"salzburg-del-28-al-31-dagost","status":"publish","type":"post","link":"https:\/\/amicsliceu.com\/es\/salzburg-del-28-al-31-dagost\/","title":{"rendered":"Salzburg, del 28 al 31 de agosto"},"content":{"rendered":"<p style=\"text-align: justify;\">El pr\u00f3ximo mes de agosto los Amics os proponemos un viaje al prestigioso <strong>Festival de Salzburg<\/strong> para disfrutar de las dos nuevas producciones oper\u00edsticas que se estrenan este a\u00f1o: <a href=\"https:\/\/www.salzburgerfestspiele.at\/en\/p\/kata-kabanova\" target=\"_blank\" rel=\"noopener\"><strong><em>Katia Kabanova<\/em><\/strong><\/a>, de Leos Jan\u00e1cek, bajo la direcci\u00f3n de\u00a0 <strong><span class=\"en-format-semibold en-nowrap\">Jakub Hr\u016f\u0161a<\/span><\/strong> y direcci\u00f3n de escena de <strong><span class=\"en-format-semibold en-nowrap\">Barrie Kosky;<\/span><\/strong> y\u00a0<em><a href=\"https:\/\/www.salzburgerfestspiele.at\/en\/p\/aida\" target=\"_blank\" rel=\"noopener\"><strong>Aida<\/strong><\/a><\/em>, de Giuseppe Verdi, con una propuesta esc\u00e9nica de la directora iraniana <strong>Shirin Neshat<\/strong> y que cuenta con un reparto excepcional: la soprano <strong>Elena Stikhina<\/strong>, la mezzo <strong>Anita Rachvelishvili,<\/strong>\u00a0el tenor <strong>Piotr Beczala<\/strong> y el bar\u00edtono <strong>Erwin Schrott.<\/strong> Completaremos nuestro programa musical con la asistencia a un concierto de la<strong> Berliner Philharmoniker<\/strong> dirigido por<strong> Kirill Petrenko<\/strong> que interpretaran la <strong><a href=\"https:\/\/www.salzburgerfestspiele.at\/en\/p\/berliner-philharmoniker-1-petrenko\" target=\"_blank\" rel=\"noopener\"><em>Simfonia n\u00fam. 7<\/em><\/a> de Gustav Mahler<\/strong>.<\/p>\n<p>Adem\u00e1s, completaremos nuestro viaje con diferentes salidas culturales que tenemos en preparaci\u00f3n y que ser\u00e1n opcionales.<\/p>\n<p><strong>Domingo 28 de agosto<\/strong><br \/>\n09.20h \u2013 Salida del vuelo con destino a Munic<br \/>\n11.20h \u2013 \u00a0Hora de llegada prevista al aeropuerto de Munich y traslado a Salzburgo en autocar.<br \/>\nTarde libre<br \/>\n21.00h \u2013 Concierto de la<strong><a href=\"https:\/\/www.salzburgerfestspiele.at\/en\/p\/berliner-philharmoniker-1-petrenko\"> Berliner Philharmoniker<\/a><\/strong> conducido por Kirill Petrenko en la Gro\u00dfes Festspielhaus<\/p>\n<p><strong>Lunes 29 d&#8217;agosto<br \/>\n<\/strong>Salida cultural en preparaci\u00f3n<strong><br \/>\n<\/strong>18.30h \u2013\u00a0 <strong><a href=\"https:\/\/www.salzburgerfestspiele.at\/en\/p\/kata-kabanova\">Katia Kabanova<\/a><\/strong> (nueva producci\u00f3n) en el Felsenreitschule<\/p>\n<p><strong>Martes 30 de agosto<br \/>\n<\/strong><strong>Salida cultural en preparaci\u00f3n<br \/>\n<\/strong>19.00h &#8211; <strong><a href=\"https:\/\/www.salzburgerfestspiele.at\/en\/p\/aida\">Aida<\/a><\/strong> (nueva producci\u00f3n)\u00a0 en la Gro\u00dfes Festspielhaus<\/p>\n<p><strong>Mi\u00e9rcoles 31 de agosto<\/strong><strong><br \/>\n<\/strong>Ma\u00f1ana: traslado en autocar al aeropuerto de Munich,.<br \/>\n15.45h \u2013 Salida del vuelo con destino Barcelona<br \/>\n17.45h \u2013 Llegada prevista a Barcelona<\/p>\n<p><strong>Hotel<\/strong><b><br \/>\n<strong>Hotel Sheraton Grand Salzburg *****<\/strong><br \/>\n<\/b>Auerspergstra\u00dfe 4,<br \/>\n5020 Salzburg,<br \/>\n<a href=\"https:\/\/www.marriott.com\/en-us\/hotels\/szgsi-sheraton-grand-salzburg\/overview\/?scid=bb1a189a-fec3-4d19-a255-54ba596febe2&amp;y_source=1_Mjg3MDA2Ny03MTUtbG9jYXRpb24ud2Vic2l0ZQ%3D%3D\">P\u00e1gina web<\/a><\/p>\n<p><strong>Precio del viaje<\/strong><\/p>\n<p>En habitaci\u00f3n doble: <strong>2.750\u20ac \/ persona<\/strong><br \/>\nEn habitaci\u00f3n individual: <strong>2.950\u20ac<\/strong><\/p>\n<p style=\"text-align: justify;\">(incluye: vuelos de ida y vuelta con maleta facturada, traslado al aeropuerto , alojamiento y desayuno, entradas a las \u00f3peras y concierto en segunda categor\u00eda, traslado a los tres espect\u00e1culos, seguro de viaje y cancelaci\u00f3n durante el viaje, dossier de viaje y acompa\u00f1ante de Amics del Liceu ).<\/p>\n<p style=\"text-align: justify;\"><strong>*Las visitas culturales son opcionales y no est\u00e1n incluidas en el precio del viaje. Todos los horarios se reconfirmar\u00e1n d\u00edas antes del viaje.\u00a0<\/strong><\/p>\n<p><strong><span class=\"franja\">Para m\u00e1s informaci\u00f3n y reservas:<br \/>\n<\/span><\/strong><span class=\"franja\">\n<div class=\"wpcf7 no-js\" id=\"wpcf7-f1208-o1\" lang=\"en-US\" dir=\"ltr\">\n<div class=\"screen-reader-response\"><p role=\"status\" aria-live=\"polite\" aria-atomic=\"true\"><\/p> <ul><\/ul><\/div>\n<form action=\"\/es\/wp-json\/wp\/v2\/posts\/13870#wpcf7-f1208-o1\" method=\"post\" class=\"wpcf7-form init\" aria-label=\"Contact form\" novalidate=\"novalidate\" data-status=\"init\">\n<div style=\"display: none;\">\n<input type=\"hidden\" name=\"_wpcf7\" value=\"1208\" \/>\n<input type=\"hidden\" name=\"_wpcf7_version\" value=\"5.7.3\" \/>\n<input type=\"hidden\" name=\"_wpcf7_locale\" value=\"en_US\" \/>\n<input type=\"hidden\" name=\"_wpcf7_unit_tag\" value=\"wpcf7-f1208-o1\" \/>\n<input type=\"hidden\" name=\"_wpcf7_container_post\" value=\"0\" \/>\n<input type=\"hidden\" name=\"_wpcf7_posted_data_hash\" value=\"\" \/>\n<input type=\"hidden\" name=\"_wpcf7cf_hidden_group_fields\" value=\"[]\" \/>\n<input type=\"hidden\" name=\"_wpcf7cf_hidden_groups\" value=\"[]\" \/>\n<input type=\"hidden\" name=\"_wpcf7cf_visible_groups\" value=\"[]\" \/>\n<input type=\"hidden\" name=\"_wpcf7cf_repeaters\" value=\"[]\" \/>\n<input type=\"hidden\" name=\"_wpcf7cf_steps\" value=\"{}\" \/>\n<input type=\"hidden\" name=\"_wpcf7cf_options\" value=\"{&quot;form_id&quot;:1208,&quot;conditions&quot;:[],&quot;settings&quot;:{&quot;animation&quot;:&quot;yes&quot;,&quot;animation_intime&quot;:200,&quot;animation_outtime&quot;:200,&quot;conditions_ui&quot;:&quot;normal&quot;,&quot;notice_dismissed&quot;:false,&quot;notice_dismissed_rollback-cf7-5.4.1&quot;:true,&quot;notice_dismissed_update-cf7-5.7.2&quot;:true}}\" \/>\n<\/div>\n<div class=\"wpex-row clr\">\n\t<div class=\"span_1_of_2 col col-1 clr\">\n\t\t<p><span class=\"wpcf7-form-control-wrap\" data-name=\"your-name\"><input size=\"40\" class=\"wpcf7-form-control wpcf7-text wpcf7-validates-as-required\" aria-required=\"true\" aria-invalid=\"false\" placeholder=\"Nom i Cognoms*\" value=\"\" type=\"text\" name=\"your-name\" \/><\/span>\n\t\t<\/p>\n\t<\/div>\n\t<div class=\"span_1_of_2 col clr\">\n\t\t<p><span class=\"wpcf7-form-control-wrap\" data-name=\"Mail\"><input size=\"40\" class=\"wpcf7-form-control wpcf7-text wpcf7-email wpcf7-validates-as-required wpcf7-validates-as-email\" aria-required=\"true\" aria-invalid=\"false\" placeholder=\"E-mail*\" value=\"\" type=\"email\" name=\"Mail\" \/><\/span>\n\t\t<\/p>\n\t<\/div>\n\t<div class=\"span_1_of_2 col col-1 clr\">\n\t\t<p><span class=\"wpcf7-form-control-wrap\" data-name=\"viatge\"><input size=\"40\" class=\"wpcf7-form-control wpcf7-text wpcf7-validates-as-required\" aria-required=\"true\" aria-invalid=\"false\" placeholder=\"Sobre quin viatge vol consultar? *\" value=\"\" type=\"text\" name=\"viatge\" \/><\/span>\n\t\t<\/p>\n\t<\/div>\n\t<div class=\"span_1_of_2 col clr\">\n\t\t<p><span class=\"wpcf7-form-control-wrap\" data-name=\"Telfon\"><input size=\"40\" class=\"wpcf7-form-control wpcf7-text wpcf7-validates-as-required\" aria-required=\"true\" aria-invalid=\"false\" placeholder=\"Tel\u00e8fon*\" value=\"\" type=\"text\" name=\"Telfon\" \/><\/span>\n\t\t<\/p>\n\t<\/div>\n<\/div>\n<p><span class=\"wpcf7-form-control-wrap\" data-name=\"comentari\"><textarea cols=\"40\" rows=\"10\" class=\"wpcf7-form-control wpcf7-textarea wpcf7-validates-as-required\" aria-required=\"true\" aria-invalid=\"false\" placeholder=\"Comentari*\" name=\"comentari\"><\/textarea><\/span>\n<\/p>\n<div style=\"margin-top:20px;margin-bottom:20px;\">\n\t<p>Escriu <strong>Amics Liceu<\/strong> en el camp <span class=\"wpcf7-form-control-wrap\" data-name=\"captcha\"><input size=\"40\" class=\"wpcf7-form-control wpcf7-text wpcf7-validates-as-required\" aria-required=\"true\" aria-invalid=\"false\" value=\"\" type=\"text\" name=\"captcha\" \/><\/span>\n\t<\/p>\n<\/div>\n<p>Les seves dades seran incorporades a un fitxer propietat d'Amics del Liceu i seran tractades d'acord amb la Llei de Protecci\u00f3 de Dades de Car\u00e0cter Personal.\n<\/p>\n<p style=\"color:#910A2B\">Els camps marcats amb * s\u00f3n obligatoris\n<\/p>\n<p><input class=\"wpcf7-form-control has-spinner wpcf7-submit\" type=\"submit\" value=\"Enviar\" \/>\n<\/p><div class=\"wpcf7-response-output\" aria-hidden=\"true\"><\/div>\n<\/form>\n<\/div>\n<\/span><\/p>\n<p>&nbsp;<\/p>\n","protected":false},"excerpt":{"rendered":"<p>El pr\u00f3ximo mes de agosto los Amics os proponemos un viaje al prestigioso Festival de Salzburg para disfrutar de las dos nuevas producciones oper\u00edsticas que se estrenan este a\u00f1o: Katia Kabanova, de Leos Jan\u00e1cek, bajo la direcci\u00f3n de\u00a0 Jakub Hr\u016f\u0161a&hellip;<\/p>\n","protected":false},"author":1,"featured_media":13284,"comment_status":"closed","ping_status":"open","sticky":false,"template":"","format":"standard","meta":{"footnotes":""},"categories":[137],"tags":[],"class_list":["post-13870","post","type-post","status-publish","format-standard","has-post-thumbnail","hentry","category-viajes-2022","entry","has-media"],"yoast_head":"<!-- This site is optimized with the Yoast SEO plugin v23.9 - https:\/\/yoast.com\/wordpress\/plugins\/seo\/ -->\n<title>Salzburg, del 28 al 31 de agosto - Amics del Liceu<\/title>\n<meta name=\"robots\" content=\"index, follow, max-snippet:-1, max-image-preview:large, max-video-preview:-1\" \/>\n<link rel=\"canonical\" href=\"https:\/\/amicsliceu.com\/es\/salzburg-del-28-al-31-dagost\/\" \/>\n<meta property=\"og:locale\" content=\"es_ES\" \/>\n<meta property=\"og:type\" content=\"article\" \/>\n<meta property=\"og:title\" content=\"Salzburg, del 28 al 31 de agosto - Amics del Liceu\" \/>\n<meta property=\"og:description\" content=\"El pr\u00f3ximo mes de agosto los Amics os proponemos un viaje al prestigioso Festival de Salzburg para disfrutar de las dos nuevas producciones oper\u00edsticas que se estrenan este a\u00f1o: Katia Kabanova, de Leos Jan\u00e1cek, bajo la direcci\u00f3n de\u00a0 Jakub Hr\u016f\u0161a&hellip;\" \/>\n<meta property=\"og:url\" content=\"https:\/\/amicsliceu.com\/es\/salzburg-del-28-al-31-dagost\/\" \/>\n<meta property=\"og:site_name\" content=\"Amics del Liceu\" \/>\n<meta property=\"article:published_time\" content=\"2022-04-01T10:25:05+00:00\" \/>\n<meta property=\"article:modified_time\" content=\"2022-07-06T12:35:22+00:00\" \/>\n<meta property=\"og:image\" content=\"https:\/\/amicsliceu.com\/wp-content\/uploads\/2022\/04\/salzburgok-e1648808565821.jpg\" \/>\n\t<meta property=\"og:image:width\" content=\"800\" \/>\n\t<meta property=\"og:image:height\" content=\"552\" \/>\n\t<meta property=\"og:image:type\" content=\"image\/jpeg\" \/>\n<meta name=\"author\" content=\"amicsdelliceu\" \/>\n<meta name=\"twitter:card\" content=\"summary_large_image\" \/>\n<meta name=\"twitter:label1\" content=\"Escrito por\" \/>\n\t<meta name=\"twitter:data1\" content=\"amicsdelliceu\" \/>\n\t<meta name=\"twitter:label2\" content=\"Tiempo de lectura\" \/>\n\t<meta name=\"twitter:data2\" content=\"2 minutos\" \/>\n<script type=\"application\/ld+json\" class=\"yoast-schema-graph\">{\"@context\":\"https:\/\/schema.org\",\"@graph\":[{\"@type\":\"Article\",\"@id\":\"https:\/\/amicsliceu.com\/es\/salzburg-del-28-al-31-dagost\/#article\",\"isPartOf\":{\"@id\":\"https:\/\/amicsliceu.com\/es\/salzburg-del-28-al-31-dagost\/\"},\"author\":{\"name\":\"amicsdelliceu\",\"@id\":\"https:\/\/amicsliceu.com\/es\/#\/schema\/person\/85f0597494326deed30f87ce0123b00f\"},\"headline\":\"Salzburg, del 28 al 31 de agosto\",\"datePublished\":\"2022-04-01T10:25:05+00:00\",\"dateModified\":\"2022-07-06T12:35:22+00:00\",\"mainEntityOfPage\":{\"@id\":\"https:\/\/amicsliceu.com\/es\/salzburg-del-28-al-31-dagost\/\"},\"wordCount\":363,\"publisher\":{\"@id\":\"https:\/\/amicsliceu.com\/es\/#organization\"},\"image\":{\"@id\":\"https:\/\/amicsliceu.com\/es\/salzburg-del-28-al-31-dagost\/#primaryimage\"},\"thumbnailUrl\":\"https:\/\/amicsliceu.com\/wp-content\/uploads\/2022\/04\/salzburgok-e1648808565821.jpg\",\"articleSection\":[\"Viajes 2022\"],\"inLanguage\":\"es\"},{\"@type\":\"WebPage\",\"@id\":\"https:\/\/amicsliceu.com\/es\/salzburg-del-28-al-31-dagost\/\",\"url\":\"https:\/\/amicsliceu.com\/es\/salzburg-del-28-al-31-dagost\/\",\"name\":\"Salzburg, del 28 al 31 de agosto - Amics del Liceu\",\"isPartOf\":{\"@id\":\"https:\/\/amicsliceu.com\/es\/#website\"},\"primaryImageOfPage\":{\"@id\":\"https:\/\/amicsliceu.com\/es\/salzburg-del-28-al-31-dagost\/#primaryimage\"},\"image\":{\"@id\":\"https:\/\/amicsliceu.com\/es\/salzburg-del-28-al-31-dagost\/#primaryimage\"},\"thumbnailUrl\":\"https:\/\/amicsliceu.com\/wp-content\/uploads\/2022\/04\/salzburgok-e1648808565821.jpg\",\"datePublished\":\"2022-04-01T10:25:05+00:00\",\"dateModified\":\"2022-07-06T12:35:22+00:00\",\"breadcrumb\":{\"@id\":\"https:\/\/amicsliceu.com\/es\/salzburg-del-28-al-31-dagost\/#breadcrumb\"},\"inLanguage\":\"es\",\"potentialAction\":[{\"@type\":\"ReadAction\",\"target\":[\"https:\/\/amicsliceu.com\/es\/salzburg-del-28-al-31-dagost\/\"]}]},{\"@type\":\"ImageObject\",\"inLanguage\":\"es\",\"@id\":\"https:\/\/amicsliceu.com\/es\/salzburg-del-28-al-31-dagost\/#primaryimage\",\"url\":\"https:\/\/amicsliceu.com\/wp-content\/uploads\/2022\/04\/salzburgok-e1648808565821.jpg\",\"contentUrl\":\"https:\/\/amicsliceu.com\/wp-content\/uploads\/2022\/04\/salzburgok-e1648808565821.jpg\",\"width\":800,\"height\":552},{\"@type\":\"BreadcrumbList\",\"@id\":\"https:\/\/amicsliceu.com\/es\/salzburg-del-28-al-31-dagost\/#breadcrumb\",\"itemListElement\":[{\"@type\":\"ListItem\",\"position\":1,\"name\":\"Inicio\",\"item\":\"https:\/\/amicsliceu.com\/es\/\"},{\"@type\":\"ListItem\",\"position\":2,\"name\":\"Salzburg, del 28 al 31 de agosto\"}]},{\"@type\":\"WebSite\",\"@id\":\"https:\/\/amicsliceu.com\/es\/#website\",\"url\":\"https:\/\/amicsliceu.com\/es\/\",\"name\":\"Amics del Liceu\",\"description\":\"\",\"publisher\":{\"@id\":\"https:\/\/amicsliceu.com\/es\/#organization\"},\"potentialAction\":[{\"@type\":\"SearchAction\",\"target\":{\"@type\":\"EntryPoint\",\"urlTemplate\":\"https:\/\/amicsliceu.com\/es\/?s={search_term_string}\"},\"query-input\":{\"@type\":\"PropertyValueSpecification\",\"valueRequired\":true,\"valueName\":\"search_term_string\"}}],\"inLanguage\":\"es\"},{\"@type\":\"Organization\",\"@id\":\"https:\/\/amicsliceu.com\/es\/#organization\",\"name\":\"Amics del Liceu\",\"url\":\"https:\/\/amicsliceu.com\/es\/\",\"logo\":{\"@type\":\"ImageObject\",\"inLanguage\":\"es\",\"@id\":\"https:\/\/amicsliceu.com\/es\/#\/schema\/logo\/image\/\",\"url\":\"http:\/\/amicsliceu.com\/wp-content\/uploads\/2019\/03\/logo.png\",\"contentUrl\":\"http:\/\/amicsliceu.com\/wp-content\/uploads\/2019\/03\/logo.png\",\"width\":225,\"height\":92,\"caption\":\"Amics del Liceu\"},\"image\":{\"@id\":\"https:\/\/amicsliceu.com\/es\/#\/schema\/logo\/image\/\"}},{\"@type\":\"Person\",\"@id\":\"https:\/\/amicsliceu.com\/es\/#\/schema\/person\/85f0597494326deed30f87ce0123b00f\",\"name\":\"amicsdelliceu\",\"image\":{\"@type\":\"ImageObject\",\"inLanguage\":\"es\",\"@id\":\"https:\/\/amicsliceu.com\/es\/#\/schema\/person\/image\/\",\"url\":\"https:\/\/secure.gravatar.com\/avatar\/5020097ee7953cd5faf719e49be1709e?s=96&d=mm&r=g\",\"contentUrl\":\"https:\/\/secure.gravatar.com\/avatar\/5020097ee7953cd5faf719e49be1709e?s=96&d=mm&r=g\",\"caption\":\"amicsdelliceu\"},\"url\":\"https:\/\/amicsliceu.com\/es\/author\/admin\/\"}]}<\/script>\n<!-- \/ Yoast SEO plugin. -->","yoast_head_json":{"title":"Salzburg, del 28 al 31 de agosto - Amics del Liceu","robots":{"index":"index","follow":"follow","max-snippet":"max-snippet:-1","max-image-preview":"max-image-preview:large","max-video-preview":"max-video-preview:-1"},"canonical":"https:\/\/amicsliceu.com\/es\/salzburg-del-28-al-31-dagost\/","og_locale":"es_ES","og_type":"article","og_title":"Salzburg, del 28 al 31 de agosto - Amics del Liceu","og_description":"El pr\u00f3ximo mes de agosto los Amics os proponemos un viaje al prestigioso Festival de Salzburg para disfrutar de las dos nuevas producciones oper\u00edsticas que se estrenan este a\u00f1o: Katia Kabanova, de Leos Jan\u00e1cek, bajo la direcci\u00f3n de\u00a0 Jakub Hr\u016f\u0161a&hellip;","og_url":"https:\/\/amicsliceu.com\/es\/salzburg-del-28-al-31-dagost\/","og_site_name":"Amics del Liceu","article_published_time":"2022-04-01T10:25:05+00:00","article_modified_time":"2022-07-06T12:35:22+00:00","og_image":[{"width":800,"height":552,"url":"https:\/\/amicsliceu.com\/wp-content\/uploads\/2022\/04\/salzburgok-e1648808565821.jpg","type":"image\/jpeg"}],"author":"amicsdelliceu","twitter_card":"summary_large_image","twitter_misc":{"Escrito por":"amicsdelliceu","Tiempo de lectura":"2 minutos"},"schema":{"@context":"https:\/\/schema.org","@graph":[{"@type":"Article","@id":"https:\/\/amicsliceu.com\/es\/salzburg-del-28-al-31-dagost\/#article","isPartOf":{"@id":"https:\/\/amicsliceu.com\/es\/salzburg-del-28-al-31-dagost\/"},"author":{"name":"amicsdelliceu","@id":"https:\/\/amicsliceu.com\/es\/#\/schema\/person\/85f0597494326deed30f87ce0123b00f"},"headline":"Salzburg, del 28 al 31 de agosto","datePublished":"2022-04-01T10:25:05+00:00","dateModified":"2022-07-06T12:35:22+00:00","mainEntityOfPage":{"@id":"https:\/\/amicsliceu.com\/es\/salzburg-del-28-al-31-dagost\/"},"wordCount":363,"publisher":{"@id":"https:\/\/amicsliceu.com\/es\/#organization"},"image":{"@id":"https:\/\/amicsliceu.com\/es\/salzburg-del-28-al-31-dagost\/#primaryimage"},"thumbnailUrl":"https:\/\/amicsliceu.com\/wp-content\/uploads\/2022\/04\/salzburgok-e1648808565821.jpg","articleSection":["Viajes 2022"],"inLanguage":"es"},{"@type":"WebPage","@id":"https:\/\/amicsliceu.com\/es\/salzburg-del-28-al-31-dagost\/","url":"https:\/\/amicsliceu.com\/es\/salzburg-del-28-al-31-dagost\/","name":"Salzburg, del 28 al 31 de agosto - Amics del Liceu","isPartOf":{"@id":"https:\/\/amicsliceu.com\/es\/#website"},"primaryImageOfPage":{"@id":"https:\/\/amicsliceu.com\/es\/salzburg-del-28-al-31-dagost\/#primaryimage"},"image":{"@id":"https:\/\/amicsliceu.com\/es\/salzburg-del-28-al-31-dagost\/#primaryimage"},"thumbnailUrl":"https:\/\/amicsliceu.com\/wp-content\/uploads\/2022\/04\/salzburgok-e1648808565821.jpg","datePublished":"2022-04-01T10:25:05+00:00","dateModified":"2022-07-06T12:35:22+00:00","breadcrumb":{"@id":"https:\/\/amicsliceu.com\/es\/salzburg-del-28-al-31-dagost\/#breadcrumb"},"inLanguage":"es","potentialAction":[{"@type":"ReadAction","target":["https:\/\/amicsliceu.com\/es\/salzburg-del-28-al-31-dagost\/"]}]},{"@type":"ImageObject","inLanguage":"es","@id":"https:\/\/amicsliceu.com\/es\/salzburg-del-28-al-31-dagost\/#primaryimage","url":"https:\/\/amicsliceu.com\/wp-content\/uploads\/2022\/04\/salzburgok-e1648808565821.jpg","contentUrl":"https:\/\/amicsliceu.com\/wp-content\/uploads\/2022\/04\/salzburgok-e1648808565821.jpg","width":800,"height":552},{"@type":"BreadcrumbList","@id":"https:\/\/amicsliceu.com\/es\/salzburg-del-28-al-31-dagost\/#breadcrumb","itemListElement":[{"@type":"ListItem","position":1,"name":"Inicio","item":"https:\/\/amicsliceu.com\/es\/"},{"@type":"ListItem","position":2,"name":"Salzburg, del 28 al 31 de agosto"}]},{"@type":"WebSite","@id":"https:\/\/amicsliceu.com\/es\/#website","url":"https:\/\/amicsliceu.com\/es\/","name":"Amics del Liceu","description":"","publisher":{"@id":"https:\/\/amicsliceu.com\/es\/#organization"},"potentialAction":[{"@type":"SearchAction","target":{"@type":"EntryPoint","urlTemplate":"https:\/\/amicsliceu.com\/es\/?s={search_term_string}"},"query-input":{"@type":"PropertyValueSpecification","valueRequired":true,"valueName":"search_term_string"}}],"inLanguage":"es"},{"@type":"Organization","@id":"https:\/\/amicsliceu.com\/es\/#organization","name":"Amics del Liceu","url":"https:\/\/amicsliceu.com\/es\/","logo":{"@type":"ImageObject","inLanguage":"es","@id":"https:\/\/amicsliceu.com\/es\/#\/schema\/logo\/image\/","url":"http:\/\/amicsliceu.com\/wp-content\/uploads\/2019\/03\/logo.png","contentUrl":"http:\/\/amicsliceu.com\/wp-content\/uploads\/2019\/03\/logo.png","width":225,"height":92,"caption":"Amics del Liceu"},"image":{"@id":"https:\/\/amicsliceu.com\/es\/#\/schema\/logo\/image\/"}},{"@type":"Person","@id":"https:\/\/amicsliceu.com\/es\/#\/schema\/person\/85f0597494326deed30f87ce0123b00f","name":"amicsdelliceu","image":{"@type":"ImageObject","inLanguage":"es","@id":"https:\/\/amicsliceu.com\/es\/#\/schema\/person\/image\/","url":"https:\/\/secure.gravatar.com\/avatar\/5020097ee7953cd5faf719e49be1709e?s=96&d=mm&r=g","contentUrl":"https:\/\/secure.gravatar.com\/avatar\/5020097ee7953cd5faf719e49be1709e?s=96&d=mm&r=g","caption":"amicsdelliceu"},"url":"https:\/\/amicsliceu.com\/es\/author\/admin\/"}]}},"views":11,"_links":{"self":[{"href":"https:\/\/amicsliceu.com\/es\/wp-json\/wp\/v2\/posts\/13870"}],"collection":[{"href":"https:\/\/amicsliceu.com\/es\/wp-json\/wp\/v2\/posts"}],"about":[{"href":"https:\/\/amicsliceu.com\/es\/wp-json\/wp\/v2\/types\/post"}],"author":[{"embeddable":true,"href":"https:\/\/amicsliceu.com\/es\/wp-json\/wp\/v2\/users\/1"}],"replies":[{"embeddable":true,"href":"https:\/\/amicsliceu.com\/es\/wp-json\/wp\/v2\/comments?post=13870"}],"version-history":[{"count":2,"href":"https:\/\/amicsliceu.com\/es\/wp-json\/wp\/v2\/posts\/13870\/revisions"}],"predecessor-version":[{"id":13872,"href":"https:\/\/amicsliceu.com\/es\/wp-json\/wp\/v2\/posts\/13870\/revisions\/13872"}],"wp:featuredmedia":[{"embeddable":true,"href":"https:\/\/amicsliceu.com\/es\/wp-json\/wp\/v2\/media\/13284"}],"wp:attachment":[{"href":"https:\/\/amicsliceu.com\/es\/wp-json\/wp\/v2\/media?parent=13870"}],"wp:term":[{"taxonomy":"category","embeddable":true,"href":"https:\/\/amicsliceu.com\/es\/wp-json\/wp\/v2\/categories?post=13870"},{"taxonomy":"post_tag","embeddable":true,"href":"https:\/\/amicsliceu.com\/es\/wp-json\/wp\/v2\/tags?post=13870"}],"curies":[{"name":"wp","href":"https:\/\/api.w.org\/{rel}","templated":true}]}}