{"id":17168,"date":"2023-07-07T11:45:41","date_gmt":"2023-07-07T11:45:41","guid":{"rendered":"http:\/\/amicsliceu.com\/oslo-i-copenhague-de-l1-al-7-doctubre\/"},"modified":"2024-02-22T15:38:38","modified_gmt":"2024-02-22T15:38:38","slug":"oslo-i-copenhague-de-l1-al-7-doctubre","status":"publish","type":"post","link":"https:\/\/amicsliceu.com\/es\/oslo-i-copenhague-de-l1-al-7-doctubre\/","title":{"rendered":"Oslo i Copenhague, de l&#8217;1 al 7 d&#8217;octubre"},"content":{"rendered":"<p style=\"text-align: justify;\"><span class=\"Y2IQFc\" lang=\"es\">El pr\u00f3ximo mes de octubre, los Amigos del Liceo le proponemos un viaje a Escandinavia para disfrutar de dos de sus capitales:<strong> Oslo y Copenhague<\/strong> que, aparte de su inter\u00e9s tur\u00edstico, nos permitir\u00e1n conocer dos teatros de \u00f3pera de alto inter\u00e9s arquitect\u00f3nico. Durante el viaje podremos disfrutar de un repertorio oper\u00edstico muy variado que incluir\u00e1 t\u00edtulos de los siglos XVIII, XIX y XX. Empezaremos en Oslo con <strong><em>La traviata<\/em>,<\/strong> el tercer t\u00edtulo de la conocida como \u00abTrilog\u00eda poupular\u00bb de G. Verdi, protagonizada por Yaritza V\u00e9liz y Davide Giusti, bajo la batuta de Anja Bihlmaier, en una producci\u00f3n firmada por Rodula Gaitanou. A continuaci\u00f3n, en la \u00d3pera de Copenhague, podremos ver <strong><em>La clemenza di Tito<\/em><\/strong> de W. A. \u200b\u200bMozart, compuesta en el a\u00f1o de la muerte del genio de Salzburgo, con Egaras Montvidas y Sine Bundgaards con direcci\u00f3n musical de Marie Jacquot y esc\u00e9nica de Julia Jones . Terminaremos el viaje con un t\u00edtulo de Benjamin Britten, el inquietante <strong><em>The Turn of the Screw,<\/em><\/strong> basada en la novela de Henry James, protagonizada por Fredrik Bjells\u00e4ter y Clara Cecilie Thomsen, dirigida musicalmente por Robert Houssart y una producci\u00f3n de Anthony Almeida .<\/span><\/p>\n<p style=\"text-align: justify;\"><span class=\"Y2IQFc\" lang=\"es\">El viaje incluir\u00e1 tambi\u00e9n varias visitas culturales, comenzando por las visitas panor\u00e1micas a ambas ciudades el d\u00eda de llegada de la mano de un gu\u00eda local. Por su parte, en Oslo conoceremos el nuevo<strong> Museo Munch<\/strong>, que abri\u00f3 sus puertas en octubre de 2021 y que ha terminado de definir el nuevo skyline del frente mar\u00edtimo de la ciudad junto con el edificio de la \u00f3pera. Se trata de un edificio imponente que cuenta con 13 pisos y que alberga la colecci\u00f3n m\u00e1s extensa de obras de este artista: pinturas, grabados, dibujos, fotograf\u00edas, cartas u objetos personales que forman un fondo de 26.700 obras (entre las cuales encontramos varias versiones del memorable Crit) creando as\u00ed uno de los museos m\u00e1s extensos dedicados a la figura de un solo artista: Edvard Munch (1863-1944). uno de los m\u00e1ximos exponentes del expresionismo. Completaremos nuestra estancia en la ciudad con un paseo en barco por el fiordo de Oslo, que se extiende desde el mar de Irlanda hasta la capital de Noruega y que destaca no s\u00f3lo por la belleza de su paisaje, sino tambi\u00e9n por su importancia hist\u00f3rica, especialmente en la \u00e9poca de los vikingos.<\/span><\/p>\n<p>Una vez llegamos a la ciudad de Copenhague, visitaremos el <strong>Castillo de Rosenborg<\/strong> una obra maestra de la arquitectura renacentista danesa. Construido entre 1606 y 1633, inicialmente fue utilizado como residencia de veraneo para Christian IV de Dinamarca. Con el tiempo, se convirti\u00f3 en un palacio real. En la actualidad, se utiliza como museo y se pueden ver las Joyas de la Corona Danesa entre otros tesoros.<\/p>\n<p style=\"text-align: justify;\">Completaremos nuestra ruta por la ciudad con un paseo comentado en barco por los canales del centro de la ciudad, donde se encuentra nuestro hotel y aprovecharemos tambi\u00e9n para visitar el <strong>Louisiana Museum of Modern Art<\/strong>, un espacio que combina arte de la segunda mitad del siglo XX hasta la actualidad, arquitectura y paisaje natural, y que cuenta con una colecci\u00f3n de m\u00e1s de 4.000 piezas en las que destacan artistas como Alberto Giacometti, Andy Warhol, Yayoi Kusama, Alexander Calder, Ives Klein, Louise Bourgeois y mucho m\u00e1s. Tambi\u00e9n visitaremos la ciudad de Malm\u00f6 atravesando el famoso puente de \u00d8resund, el m\u00e1s largo de Europa, que nos llevar\u00e1 hasta Suecia. Una vez all\u00ed, haremos una visita comentada donde veremos la plaza Mayor, Stortoget, la iglesia de Sant Pere o el conocido rascacielos Turning Torso de Santiago Calatrava.<\/p>\n<p>Domingo 1 de octubre<br \/>\n10.35h \u2013 Salida del vuelo con destino Oslo<br \/>\n14.00h \u2013 Hora prevista de llegada al aeropuerto de Oslo<br \/>\n14.45h &#8211; Visita panor\u00e1mica a la ciudad<br \/>\n17.45h \u2013 Llegada al hotel<\/p>\n<p>Lunes 2 de octubre<br \/>\nMa\u00f1ana \u2013 Paseo en barco por el fiordo de Oslo<br \/>\nTarde libre<\/p>\n<p>Martes 3 de octubre<br \/>\nMa\u00f1ana libre<br \/>\n15.30h &#8211; Visita comentada al Museo Munch (duraci\u00f3n aproximada 60min)<br \/>\n19.00h \u2013 La traviata en la \u00d3pera de Oslo<\/p>\n<p>Mi\u00e9rcoles 4 de octubre<br \/>\n12.30h \u2013 Salida del vuelo con destino Copenhague<br \/>\n13.40h \u2013 Hora prevista de llegada al aeropuerto de Copenhague<br \/>\n14.30h &#8211; Visita panor\u00e1mica a la ciudad<br \/>\n17.30h \u2013 Llegada al hotel<\/p>\n<p>Jueves 5 de octubre<br \/>\n10.00h &#8211; Visita al Castillo de Rosenborg<br \/>\n12.00h &#8211; Paseo en barco por los canales de Copenhague<br \/>\nResto del d\u00eda libre<br \/>\n20.00h &#8211; La clemenza di Tito en la \u00d3pera de Copenhague<\/p>\n<p>Viernes 6 de octubre<br \/>\n10.30h \u2013 Visita comentada al Museo de Luisiana (traslado en autocar)<br \/>\n13.00h \u2013 Regreso al hotel<br \/>\nResto del d\u00eda libre<br \/>\n20.00h \u2013 The Turn of the Screw en la \u00d3pera de Copenhague<\/p>\n<p>S\u00e1bado 7 de octubre<br \/>\nDurante el d\u00eda: visita comentada a la ciudad de Malm\u00f6 con almuerzo de grupo incluido (traslado en autocar)<br \/>\n19.50h \u2013 Salida del vuelo con destino Barcelona<br \/>\n22.55h \u2013 Hora prevista de llegada al Aeropuerto del Prat<\/p>\n<p><strong>Hoteles<\/strong><br \/>\n<strong>Thon Hotel Opera 4*<\/strong><br \/>\nDronning Eufemias gate 4<br \/>\n0191 Oslo, Noruega<br \/>\n<a href=\"https:\/\/www.thonhotels.com\/our-hotels\/norway\/oslo\/thon-hotel-opera\/?utm_source=google&amp;utm_medium=infoboks&amp;utm_campaign=GMB&amp;_gl=1*1dv223q*_ga*NDg1MzA4NDQ5LjE2ODk1OTM2ODk.*_ga_MLYJ7YSQM5*MTY5MDUzMTM0Ni4zLjEuMTY5MDUzMTU4Ny41MC4wLjA.\" target=\"_blank\" rel=\"noopener\">P\u00e0gina web<\/a><\/p>\n<p><strong>Hotel 71 Nyhavn 4*<\/strong><br \/>\nNyhavn 71<br \/>\n1051 Copenhague, Dinamarca<br \/>\n<a href=\"https:\/\/www.71nyhavnhotel.com\/\" target=\"_blank\" rel=\"noopener\">P\u00e0gina web<\/a><\/p>\n<p><strong>Precio del viaje<\/strong><br \/>\nEn habitaci\u00f3n doble: <strong>2.900\u20ac\/persona<\/strong><br \/>\nEn habitaci\u00f3n individual: <strong>3.700\u20ac<\/strong><\/p>\n<p><strong>El precio incluye:<\/strong><br \/>\n\u2013 billete de avi\u00f3n con maleta facturada<br \/>\n\u2013 traslados aeropuerto-hotel-aeropuerto<br \/>\n\u2013 alojamiento, desayuno y tasas tur\u00edsticas<br \/>\n\u2013 entradas de primera categor\u00eda en las tres \u00f3peras<br \/>\n\u2013 visita panor\u00e1mica a Oslo<br \/>\n\u2013 visita guiada al Museo Munch<br \/>\n\u2013 visita guiada al fiordo de Oslo<br \/>\n\u2013 visita panor\u00e1mica a Copenhague<br \/>\n\u2013 visita guiada al Castillo Rosenborg<br \/>\n\u2013 paseo comentado en barco por los canales de Copenhague<br \/>\n\u2013 visita guiada al Museo de Luisiana<br \/>\n\u2013 visita comentada a Malm\u00f6<br \/>\n\u2013 comida de grupo en Malm\u00f6<br \/>\n\u2013 traslados en autocar durante las visitas panor\u00e1micas y dem\u00e1s visitas mencionadas<br \/>\n\u2013 dossier de viaje<br \/>\n\u2013 acompa\u00f1ante de Amics del Liceu<br \/>\n\u2013 gastos de gesti\u00f3n<br \/>\n\u2013 seguro de cancelaci\u00f3n y asistencia durante el viaje<\/p>\n<p><strong>Para m\u00e1s informaci\u00f3n sobre este viaje, rellene el siguiente formulario:<\/strong><\/p>\n\n<div class=\"wpcf7 no-js\" id=\"wpcf7-f1208-o1\" lang=\"en-US\" dir=\"ltr\">\n<div class=\"screen-reader-response\"><p role=\"status\" aria-live=\"polite\" aria-atomic=\"true\"><\/p> <ul><\/ul><\/div>\n<form action=\"\/es\/wp-json\/wp\/v2\/posts\/17168#wpcf7-f1208-o1\" method=\"post\" class=\"wpcf7-form init\" aria-label=\"Contact form\" novalidate=\"novalidate\" data-status=\"init\">\n<div style=\"display: none;\">\n<input type=\"hidden\" name=\"_wpcf7\" value=\"1208\" \/>\n<input type=\"hidden\" name=\"_wpcf7_version\" value=\"5.7.3\" \/>\n<input type=\"hidden\" name=\"_wpcf7_locale\" value=\"en_US\" \/>\n<input type=\"hidden\" name=\"_wpcf7_unit_tag\" value=\"wpcf7-f1208-o1\" \/>\n<input type=\"hidden\" name=\"_wpcf7_container_post\" value=\"0\" \/>\n<input type=\"hidden\" name=\"_wpcf7_posted_data_hash\" value=\"\" \/>\n<input type=\"hidden\" name=\"_wpcf7cf_hidden_group_fields\" value=\"[]\" \/>\n<input type=\"hidden\" name=\"_wpcf7cf_hidden_groups\" value=\"[]\" \/>\n<input type=\"hidden\" name=\"_wpcf7cf_visible_groups\" value=\"[]\" \/>\n<input type=\"hidden\" name=\"_wpcf7cf_repeaters\" value=\"[]\" \/>\n<input type=\"hidden\" name=\"_wpcf7cf_steps\" value=\"{}\" \/>\n<input type=\"hidden\" name=\"_wpcf7cf_options\" value=\"{&quot;form_id&quot;:1208,&quot;conditions&quot;:[],&quot;settings&quot;:{&quot;animation&quot;:&quot;yes&quot;,&quot;animation_intime&quot;:200,&quot;animation_outtime&quot;:200,&quot;conditions_ui&quot;:&quot;normal&quot;,&quot;notice_dismissed&quot;:false,&quot;notice_dismissed_rollback-cf7-5.4.1&quot;:true,&quot;notice_dismissed_update-cf7-5.7.2&quot;:true}}\" \/>\n<\/div>\n<div class=\"wpex-row clr\">\n\t<div class=\"span_1_of_2 col col-1 clr\">\n\t\t<p><span class=\"wpcf7-form-control-wrap\" data-name=\"your-name\"><input size=\"40\" class=\"wpcf7-form-control wpcf7-text wpcf7-validates-as-required\" aria-required=\"true\" aria-invalid=\"false\" placeholder=\"Nom i Cognoms*\" value=\"\" type=\"text\" name=\"your-name\" \/><\/span>\n\t\t<\/p>\n\t<\/div>\n\t<div class=\"span_1_of_2 col clr\">\n\t\t<p><span class=\"wpcf7-form-control-wrap\" data-name=\"Mail\"><input size=\"40\" class=\"wpcf7-form-control wpcf7-text wpcf7-email wpcf7-validates-as-required wpcf7-validates-as-email\" aria-required=\"true\" aria-invalid=\"false\" placeholder=\"E-mail*\" value=\"\" type=\"email\" name=\"Mail\" \/><\/span>\n\t\t<\/p>\n\t<\/div>\n\t<div class=\"span_1_of_2 col col-1 clr\">\n\t\t<p><span class=\"wpcf7-form-control-wrap\" data-name=\"viatge\"><input size=\"40\" class=\"wpcf7-form-control wpcf7-text wpcf7-validates-as-required\" aria-required=\"true\" aria-invalid=\"false\" placeholder=\"Sobre quin viatge vol consultar? *\" value=\"\" type=\"text\" name=\"viatge\" \/><\/span>\n\t\t<\/p>\n\t<\/div>\n\t<div class=\"span_1_of_2 col clr\">\n\t\t<p><span class=\"wpcf7-form-control-wrap\" data-name=\"Telfon\"><input size=\"40\" class=\"wpcf7-form-control wpcf7-text wpcf7-validates-as-required\" aria-required=\"true\" aria-invalid=\"false\" placeholder=\"Tel\u00e8fon*\" value=\"\" type=\"text\" name=\"Telfon\" \/><\/span>\n\t\t<\/p>\n\t<\/div>\n<\/div>\n<p><span class=\"wpcf7-form-control-wrap\" data-name=\"comentari\"><textarea cols=\"40\" rows=\"10\" class=\"wpcf7-form-control wpcf7-textarea wpcf7-validates-as-required\" aria-required=\"true\" aria-invalid=\"false\" placeholder=\"Comentari*\" name=\"comentari\"><\/textarea><\/span>\n<\/p>\n<div style=\"margin-top:20px;margin-bottom:20px;\">\n\t<p>Escriu <strong>Amics Liceu<\/strong> en el camp <span class=\"wpcf7-form-control-wrap\" data-name=\"captcha\"><input size=\"40\" class=\"wpcf7-form-control wpcf7-text wpcf7-validates-as-required\" aria-required=\"true\" aria-invalid=\"false\" value=\"\" type=\"text\" name=\"captcha\" \/><\/span>\n\t<\/p>\n<\/div>\n<p>Les seves dades seran incorporades a un fitxer propietat d'Amics del Liceu i seran tractades d'acord amb la Llei de Protecci\u00f3 de Dades de Car\u00e0cter Personal.\n<\/p>\n<p style=\"color:#910A2B\">Els camps marcats amb * s\u00f3n obligatoris\n<\/p>\n<p><input class=\"wpcf7-form-control has-spinner wpcf7-submit\" type=\"submit\" value=\"Enviar\" \/>\n<\/p><div class=\"wpcf7-response-output\" aria-hidden=\"true\"><\/div>\n<\/form>\n<\/div>\n\n","protected":false},"excerpt":{"rendered":"<p>El pr\u00f3ximo mes de octubre, los Amigos del Liceo le proponemos un viaje a Escandinavia para disfrutar de dos de sus capitales: Oslo y Copenhague que, aparte de su inter\u00e9s tur\u00edstico, nos permitir\u00e1n conocer dos teatros de \u00f3pera de alto&hellip;<\/p>\n","protected":false},"author":1,"featured_media":17006,"comment_status":"closed","ping_status":"open","sticky":false,"template":"","format":"standard","meta":{"footnotes":""},"categories":[143],"tags":[],"class_list":["post-17168","post","type-post","status-publish","format-standard","has-post-thumbnail","hentry","category-viajes-2023","entry","has-media"],"yoast_head":"<!-- This site is optimized with the Yoast SEO plugin v23.9 - https:\/\/yoast.com\/wordpress\/plugins\/seo\/ -->\n<title>Oslo i Copenhague, de l&#039;1 al 7 d&#039;octubre - Amics del Liceu<\/title>\n<meta name=\"robots\" content=\"index, follow, max-snippet:-1, max-image-preview:large, max-video-preview:-1\" \/>\n<link rel=\"canonical\" href=\"https:\/\/amicsliceu.com\/es\/oslo-i-copenhague-de-l1-al-7-doctubre\/\" \/>\n<meta property=\"og:locale\" content=\"es_ES\" \/>\n<meta property=\"og:type\" content=\"article\" \/>\n<meta property=\"og:title\" content=\"Oslo i Copenhague, de l&#039;1 al 7 d&#039;octubre - Amics del Liceu\" \/>\n<meta property=\"og:description\" content=\"El pr\u00f3ximo mes de octubre, los Amigos del Liceo le proponemos un viaje a Escandinavia para disfrutar de dos de sus capitales: Oslo y Copenhague que, aparte de su inter\u00e9s tur\u00edstico, nos permitir\u00e1n conocer dos teatros de \u00f3pera de alto&hellip;\" \/>\n<meta property=\"og:url\" content=\"https:\/\/amicsliceu.com\/es\/oslo-i-copenhague-de-l1-al-7-doctubre\/\" \/>\n<meta property=\"og:site_name\" content=\"Amics del Liceu\" \/>\n<meta property=\"article:published_time\" content=\"2023-07-07T11:45:41+00:00\" \/>\n<meta property=\"article:modified_time\" content=\"2024-02-22T15:38:38+00:00\" \/>\n<meta property=\"og:image\" content=\"https:\/\/amicsliceu.com\/wp-content\/uploads\/2023\/07\/Oslo-opera-1024x512.jpg\" \/>\n\t<meta property=\"og:image:width\" content=\"1024\" \/>\n\t<meta property=\"og:image:height\" content=\"512\" \/>\n\t<meta property=\"og:image:type\" content=\"image\/jpeg\" \/>\n<meta name=\"author\" content=\"amicsdelliceu\" \/>\n<meta name=\"twitter:card\" content=\"summary_large_image\" \/>\n<meta name=\"twitter:label1\" content=\"Escrito por\" \/>\n\t<meta name=\"twitter:data1\" content=\"amicsdelliceu\" \/>\n\t<meta name=\"twitter:label2\" content=\"Tiempo de lectura\" \/>\n\t<meta name=\"twitter:data2\" content=\"6 minutos\" \/>\n<script type=\"application\/ld+json\" class=\"yoast-schema-graph\">{\"@context\":\"https:\/\/schema.org\",\"@graph\":[{\"@type\":\"Article\",\"@id\":\"https:\/\/amicsliceu.com\/es\/oslo-i-copenhague-de-l1-al-7-doctubre\/#article\",\"isPartOf\":{\"@id\":\"https:\/\/amicsliceu.com\/es\/oslo-i-copenhague-de-l1-al-7-doctubre\/\"},\"author\":{\"name\":\"amicsdelliceu\",\"@id\":\"https:\/\/amicsliceu.com\/es\/#\/schema\/person\/85f0597494326deed30f87ce0123b00f\"},\"headline\":\"Oslo i Copenhague, de l&#8217;1 al 7 d&#8217;octubre\",\"datePublished\":\"2023-07-07T11:45:41+00:00\",\"dateModified\":\"2024-02-22T15:38:38+00:00\",\"mainEntityOfPage\":{\"@id\":\"https:\/\/amicsliceu.com\/es\/oslo-i-copenhague-de-l1-al-7-doctubre\/\"},\"wordCount\":996,\"publisher\":{\"@id\":\"https:\/\/amicsliceu.com\/es\/#organization\"},\"image\":{\"@id\":\"https:\/\/amicsliceu.com\/es\/oslo-i-copenhague-de-l1-al-7-doctubre\/#primaryimage\"},\"thumbnailUrl\":\"https:\/\/amicsliceu.com\/wp-content\/uploads\/2023\/07\/Oslo-opera.jpg\",\"articleSection\":[\"Viajes 2023\"],\"inLanguage\":\"es\"},{\"@type\":\"WebPage\",\"@id\":\"https:\/\/amicsliceu.com\/es\/oslo-i-copenhague-de-l1-al-7-doctubre\/\",\"url\":\"https:\/\/amicsliceu.com\/es\/oslo-i-copenhague-de-l1-al-7-doctubre\/\",\"name\":\"Oslo i Copenhague, de l'1 al 7 d'octubre - Amics del Liceu\",\"isPartOf\":{\"@id\":\"https:\/\/amicsliceu.com\/es\/#website\"},\"primaryImageOfPage\":{\"@id\":\"https:\/\/amicsliceu.com\/es\/oslo-i-copenhague-de-l1-al-7-doctubre\/#primaryimage\"},\"image\":{\"@id\":\"https:\/\/amicsliceu.com\/es\/oslo-i-copenhague-de-l1-al-7-doctubre\/#primaryimage\"},\"thumbnailUrl\":\"https:\/\/amicsliceu.com\/wp-content\/uploads\/2023\/07\/Oslo-opera.jpg\",\"datePublished\":\"2023-07-07T11:45:41+00:00\",\"dateModified\":\"2024-02-22T15:38:38+00:00\",\"breadcrumb\":{\"@id\":\"https:\/\/amicsliceu.com\/es\/oslo-i-copenhague-de-l1-al-7-doctubre\/#breadcrumb\"},\"inLanguage\":\"es\",\"potentialAction\":[{\"@type\":\"ReadAction\",\"target\":[\"https:\/\/amicsliceu.com\/es\/oslo-i-copenhague-de-l1-al-7-doctubre\/\"]}]},{\"@type\":\"ImageObject\",\"inLanguage\":\"es\",\"@id\":\"https:\/\/amicsliceu.com\/es\/oslo-i-copenhague-de-l1-al-7-doctubre\/#primaryimage\",\"url\":\"https:\/\/amicsliceu.com\/wp-content\/uploads\/2023\/07\/Oslo-opera.jpg\",\"contentUrl\":\"https:\/\/amicsliceu.com\/wp-content\/uploads\/2023\/07\/Oslo-opera.jpg\",\"width\":2000,\"height\":1000},{\"@type\":\"BreadcrumbList\",\"@id\":\"https:\/\/amicsliceu.com\/es\/oslo-i-copenhague-de-l1-al-7-doctubre\/#breadcrumb\",\"itemListElement\":[{\"@type\":\"ListItem\",\"position\":1,\"name\":\"Inicio\",\"item\":\"https:\/\/amicsliceu.com\/es\/\"},{\"@type\":\"ListItem\",\"position\":2,\"name\":\"Oslo i Copenhague, de l&#8217;1 al 7 d&#8217;octubre\"}]},{\"@type\":\"WebSite\",\"@id\":\"https:\/\/amicsliceu.com\/es\/#website\",\"url\":\"https:\/\/amicsliceu.com\/es\/\",\"name\":\"Amics del Liceu\",\"description\":\"\",\"publisher\":{\"@id\":\"https:\/\/amicsliceu.com\/es\/#organization\"},\"potentialAction\":[{\"@type\":\"SearchAction\",\"target\":{\"@type\":\"EntryPoint\",\"urlTemplate\":\"https:\/\/amicsliceu.com\/es\/?s={search_term_string}\"},\"query-input\":{\"@type\":\"PropertyValueSpecification\",\"valueRequired\":true,\"valueName\":\"search_term_string\"}}],\"inLanguage\":\"es\"},{\"@type\":\"Organization\",\"@id\":\"https:\/\/amicsliceu.com\/es\/#organization\",\"name\":\"Amics del Liceu\",\"url\":\"https:\/\/amicsliceu.com\/es\/\",\"logo\":{\"@type\":\"ImageObject\",\"inLanguage\":\"es\",\"@id\":\"https:\/\/amicsliceu.com\/es\/#\/schema\/logo\/image\/\",\"url\":\"http:\/\/amicsliceu.com\/wp-content\/uploads\/2019\/03\/logo.png\",\"contentUrl\":\"http:\/\/amicsliceu.com\/wp-content\/uploads\/2019\/03\/logo.png\",\"width\":225,\"height\":92,\"caption\":\"Amics del Liceu\"},\"image\":{\"@id\":\"https:\/\/amicsliceu.com\/es\/#\/schema\/logo\/image\/\"}},{\"@type\":\"Person\",\"@id\":\"https:\/\/amicsliceu.com\/es\/#\/schema\/person\/85f0597494326deed30f87ce0123b00f\",\"name\":\"amicsdelliceu\",\"image\":{\"@type\":\"ImageObject\",\"inLanguage\":\"es\",\"@id\":\"https:\/\/amicsliceu.com\/es\/#\/schema\/person\/image\/\",\"url\":\"https:\/\/secure.gravatar.com\/avatar\/5020097ee7953cd5faf719e49be1709e?s=96&d=mm&r=g\",\"contentUrl\":\"https:\/\/secure.gravatar.com\/avatar\/5020097ee7953cd5faf719e49be1709e?s=96&d=mm&r=g\",\"caption\":\"amicsdelliceu\"},\"url\":\"https:\/\/amicsliceu.com\/es\/author\/admin\/\"}]}<\/script>\n<!-- \/ Yoast SEO plugin. -->","yoast_head_json":{"title":"Oslo i Copenhague, de l'1 al 7 d'octubre - Amics del Liceu","robots":{"index":"index","follow":"follow","max-snippet":"max-snippet:-1","max-image-preview":"max-image-preview:large","max-video-preview":"max-video-preview:-1"},"canonical":"https:\/\/amicsliceu.com\/es\/oslo-i-copenhague-de-l1-al-7-doctubre\/","og_locale":"es_ES","og_type":"article","og_title":"Oslo i Copenhague, de l'1 al 7 d'octubre - Amics del Liceu","og_description":"El pr\u00f3ximo mes de octubre, los Amigos del Liceo le proponemos un viaje a Escandinavia para disfrutar de dos de sus capitales: Oslo y Copenhague que, aparte de su inter\u00e9s tur\u00edstico, nos permitir\u00e1n conocer dos teatros de \u00f3pera de alto&hellip;","og_url":"https:\/\/amicsliceu.com\/es\/oslo-i-copenhague-de-l1-al-7-doctubre\/","og_site_name":"Amics del Liceu","article_published_time":"2023-07-07T11:45:41+00:00","article_modified_time":"2024-02-22T15:38:38+00:00","og_image":[{"width":1024,"height":512,"url":"https:\/\/amicsliceu.com\/wp-content\/uploads\/2023\/07\/Oslo-opera-1024x512.jpg","type":"image\/jpeg"}],"author":"amicsdelliceu","twitter_card":"summary_large_image","twitter_misc":{"Escrito por":"amicsdelliceu","Tiempo de lectura":"6 minutos"},"schema":{"@context":"https:\/\/schema.org","@graph":[{"@type":"Article","@id":"https:\/\/amicsliceu.com\/es\/oslo-i-copenhague-de-l1-al-7-doctubre\/#article","isPartOf":{"@id":"https:\/\/amicsliceu.com\/es\/oslo-i-copenhague-de-l1-al-7-doctubre\/"},"author":{"name":"amicsdelliceu","@id":"https:\/\/amicsliceu.com\/es\/#\/schema\/person\/85f0597494326deed30f87ce0123b00f"},"headline":"Oslo i Copenhague, de l&#8217;1 al 7 d&#8217;octubre","datePublished":"2023-07-07T11:45:41+00:00","dateModified":"2024-02-22T15:38:38+00:00","mainEntityOfPage":{"@id":"https:\/\/amicsliceu.com\/es\/oslo-i-copenhague-de-l1-al-7-doctubre\/"},"wordCount":996,"publisher":{"@id":"https:\/\/amicsliceu.com\/es\/#organization"},"image":{"@id":"https:\/\/amicsliceu.com\/es\/oslo-i-copenhague-de-l1-al-7-doctubre\/#primaryimage"},"thumbnailUrl":"https:\/\/amicsliceu.com\/wp-content\/uploads\/2023\/07\/Oslo-opera.jpg","articleSection":["Viajes 2023"],"inLanguage":"es"},{"@type":"WebPage","@id":"https:\/\/amicsliceu.com\/es\/oslo-i-copenhague-de-l1-al-7-doctubre\/","url":"https:\/\/amicsliceu.com\/es\/oslo-i-copenhague-de-l1-al-7-doctubre\/","name":"Oslo i Copenhague, de l'1 al 7 d'octubre - Amics del Liceu","isPartOf":{"@id":"https:\/\/amicsliceu.com\/es\/#website"},"primaryImageOfPage":{"@id":"https:\/\/amicsliceu.com\/es\/oslo-i-copenhague-de-l1-al-7-doctubre\/#primaryimage"},"image":{"@id":"https:\/\/amicsliceu.com\/es\/oslo-i-copenhague-de-l1-al-7-doctubre\/#primaryimage"},"thumbnailUrl":"https:\/\/amicsliceu.com\/wp-content\/uploads\/2023\/07\/Oslo-opera.jpg","datePublished":"2023-07-07T11:45:41+00:00","dateModified":"2024-02-22T15:38:38+00:00","breadcrumb":{"@id":"https:\/\/amicsliceu.com\/es\/oslo-i-copenhague-de-l1-al-7-doctubre\/#breadcrumb"},"inLanguage":"es","potentialAction":[{"@type":"ReadAction","target":["https:\/\/amicsliceu.com\/es\/oslo-i-copenhague-de-l1-al-7-doctubre\/"]}]},{"@type":"ImageObject","inLanguage":"es","@id":"https:\/\/amicsliceu.com\/es\/oslo-i-copenhague-de-l1-al-7-doctubre\/#primaryimage","url":"https:\/\/amicsliceu.com\/wp-content\/uploads\/2023\/07\/Oslo-opera.jpg","contentUrl":"https:\/\/amicsliceu.com\/wp-content\/uploads\/2023\/07\/Oslo-opera.jpg","width":2000,"height":1000},{"@type":"BreadcrumbList","@id":"https:\/\/amicsliceu.com\/es\/oslo-i-copenhague-de-l1-al-7-doctubre\/#breadcrumb","itemListElement":[{"@type":"ListItem","position":1,"name":"Inicio","item":"https:\/\/amicsliceu.com\/es\/"},{"@type":"ListItem","position":2,"name":"Oslo i Copenhague, de l&#8217;1 al 7 d&#8217;octubre"}]},{"@type":"WebSite","@id":"https:\/\/amicsliceu.com\/es\/#website","url":"https:\/\/amicsliceu.com\/es\/","name":"Amics del Liceu","description":"","publisher":{"@id":"https:\/\/amicsliceu.com\/es\/#organization"},"potentialAction":[{"@type":"SearchAction","target":{"@type":"EntryPoint","urlTemplate":"https:\/\/amicsliceu.com\/es\/?s={search_term_string}"},"query-input":{"@type":"PropertyValueSpecification","valueRequired":true,"valueName":"search_term_string"}}],"inLanguage":"es"},{"@type":"Organization","@id":"https:\/\/amicsliceu.com\/es\/#organization","name":"Amics del Liceu","url":"https:\/\/amicsliceu.com\/es\/","logo":{"@type":"ImageObject","inLanguage":"es","@id":"https:\/\/amicsliceu.com\/es\/#\/schema\/logo\/image\/","url":"http:\/\/amicsliceu.com\/wp-content\/uploads\/2019\/03\/logo.png","contentUrl":"http:\/\/amicsliceu.com\/wp-content\/uploads\/2019\/03\/logo.png","width":225,"height":92,"caption":"Amics del Liceu"},"image":{"@id":"https:\/\/amicsliceu.com\/es\/#\/schema\/logo\/image\/"}},{"@type":"Person","@id":"https:\/\/amicsliceu.com\/es\/#\/schema\/person\/85f0597494326deed30f87ce0123b00f","name":"amicsdelliceu","image":{"@type":"ImageObject","inLanguage":"es","@id":"https:\/\/amicsliceu.com\/es\/#\/schema\/person\/image\/","url":"https:\/\/secure.gravatar.com\/avatar\/5020097ee7953cd5faf719e49be1709e?s=96&d=mm&r=g","contentUrl":"https:\/\/secure.gravatar.com\/avatar\/5020097ee7953cd5faf719e49be1709e?s=96&d=mm&r=g","caption":"amicsdelliceu"},"url":"https:\/\/amicsliceu.com\/es\/author\/admin\/"}]}},"views":16,"_links":{"self":[{"href":"https:\/\/amicsliceu.com\/es\/wp-json\/wp\/v2\/posts\/17168"}],"collection":[{"href":"https:\/\/amicsliceu.com\/es\/wp-json\/wp\/v2\/posts"}],"about":[{"href":"https:\/\/amicsliceu.com\/es\/wp-json\/wp\/v2\/types\/post"}],"author":[{"embeddable":true,"href":"https:\/\/amicsliceu.com\/es\/wp-json\/wp\/v2\/users\/1"}],"replies":[{"embeddable":true,"href":"https:\/\/amicsliceu.com\/es\/wp-json\/wp\/v2\/comments?post=17168"}],"version-history":[{"count":4,"href":"https:\/\/amicsliceu.com\/es\/wp-json\/wp\/v2\/posts\/17168\/revisions"}],"predecessor-version":[{"id":18885,"href":"https:\/\/amicsliceu.com\/es\/wp-json\/wp\/v2\/posts\/17168\/revisions\/18885"}],"wp:featuredmedia":[{"embeddable":true,"href":"https:\/\/amicsliceu.com\/es\/wp-json\/wp\/v2\/media\/17006"}],"wp:attachment":[{"href":"https:\/\/amicsliceu.com\/es\/wp-json\/wp\/v2\/media?parent=17168"}],"wp:term":[{"taxonomy":"category","embeddable":true,"href":"https:\/\/amicsliceu.com\/es\/wp-json\/wp\/v2\/categories?post=17168"},{"taxonomy":"post_tag","embeddable":true,"href":"https:\/\/amicsliceu.com\/es\/wp-json\/wp\/v2\/tags?post=17168"}],"curies":[{"name":"wp","href":"https:\/\/api.w.org\/{rel}","templated":true}]}}