{"id":17426,"date":"2023-09-27T11:15:20","date_gmt":"2023-09-27T11:15:20","guid":{"rendered":"http:\/\/amicsliceu.com\/conferencia-centenari-maria-callas-vida-de-diva\/"},"modified":"2023-10-02T15:28:01","modified_gmt":"2023-10-02T15:28:01","slug":"conferencia-centenari-maria-callas-vida-de-diva","status":"publish","type":"post","link":"https:\/\/amicsliceu.com\/es\/conferencia-centenari-maria-callas-vida-de-diva\/","title":{"rendered":"Conferencia \u00abCentenario Maria Callas, vida de diva\u00bb"},"content":{"rendered":"<p style=\"text-align: justify;\"><span class=\"Y2IQFc\" lang=\"es\"><strong>Martes 10 de octubre a las 19h <\/strong><br \/>\n<strong>Real C\u00edrculo Art\u00edstico (<a href=\"https:\/\/www.google.com\/maps\/place\/Real+C%C3%ADrculo+Art%C3%ADstico+de+Barcelona\/@41.384501,2.174365,15z\/data=!4m5!3m4!1s0x0:0x427a10b6ca2785d4!8m2!3d41.384501!4d2.174365\">\u00bfC\u00f3mo llegar?)<\/a> <\/strong><br \/>\n<strong>*Aforo limitado. Es necesaria reserva previa<br \/>\n*Actividad gratuita y exclusiva para socios y acompa\u00f1antes<\/strong><\/span><\/p>\n<p style=\"text-align: justify;\">Este a\u00f1o, con motivo del centenario de la gran soprano Maria Callas (nacida en Nueva York el 2 de diciembre de 2023) los Amigos del Liceo queremos rendirle homenaje recordando su vida y trayectoria a trav\u00e9s de una conferencia a cargo de Pol Aviny\u00f3 , divulgador musical, que tendr\u00e1 lugar en el Real C\u00edrculo Art\u00edstico de Barcelona. Maria Callas ha sido una de las figuras m\u00e1s destacables de la historia de la \u00f3pera del siglo XX. Su voz, su temperamento y su personalidad la convirtieron en un mito. Este a\u00f1o 2023 conmemoramos el centenario de su nacimiento. La conferencia que proponemos ser\u00e1 un repaso por su vida art\u00edstica y personal, poniendo gran \u00e9nfasis en la evoluci\u00f3n de la voz y c\u00f3mo conquist\u00f3 todos los grandes teatros del mundo. Lo haremos con grabaciones poco conocidas o casi in\u00e9ditas y recuperando las mejores audiciones que nos leg\u00f3.<\/p>\n<p><strong>Para inscribirse en estas actividades, es necesario ponerse en contacto con la Asociaci\u00f3n:\u00a093 317 73 78 \u2013\u00a0natalia@amicsliceu.com<\/strong><\/p>\n","protected":false},"excerpt":{"rendered":"<p>Martes 10 de octubre a las 19h Real C\u00edrculo Art\u00edstico (\u00bfC\u00f3mo llegar?) *Aforo limitado. Es necesaria reserva previa *Actividad gratuita y exclusiva para socios y acompa\u00f1antes Este a\u00f1o, con motivo del centenario de la gran soprano Maria Callas (nacida en&hellip;<\/p>\n","protected":false},"author":1,"featured_media":17376,"comment_status":"closed","ping_status":"open","sticky":false,"template":"","format":"standard","meta":{"footnotes":""},"categories":[174],"tags":[],"class_list":["post-17426","post","type-post","status-publish","format-standard","has-post-thumbnail","hentry","category-actividades-2023-2024","entry","has-media"],"yoast_head":"<!-- This site is optimized with the Yoast SEO plugin v23.9 - https:\/\/yoast.com\/wordpress\/plugins\/seo\/ -->\n<title>Conferencia &quot;Centenario Maria Callas, vida de diva&quot; - Amics del Liceu<\/title>\n<meta name=\"robots\" content=\"index, follow, max-snippet:-1, max-image-preview:large, max-video-preview:-1\" \/>\n<link rel=\"canonical\" href=\"https:\/\/amicsliceu.com\/es\/conferencia-centenari-maria-callas-vida-de-diva\/\" \/>\n<meta property=\"og:locale\" content=\"es_ES\" \/>\n<meta property=\"og:type\" content=\"article\" \/>\n<meta property=\"og:title\" content=\"Conferencia &quot;Centenario Maria Callas, vida de diva&quot; - Amics del Liceu\" \/>\n<meta property=\"og:description\" content=\"Martes 10 de octubre a las 19h Real C\u00edrculo Art\u00edstico (\u00bfC\u00f3mo llegar?) *Aforo limitado. Es necesaria reserva previa *Actividad gratuita y exclusiva para socios y acompa\u00f1antes Este a\u00f1o, con motivo del centenario de la gran soprano Maria Callas (nacida en&hellip;\" \/>\n<meta property=\"og:url\" content=\"https:\/\/amicsliceu.com\/es\/conferencia-centenari-maria-callas-vida-de-diva\/\" \/>\n<meta property=\"og:site_name\" content=\"Amics del Liceu\" \/>\n<meta property=\"article:published_time\" content=\"2023-09-27T11:15:20+00:00\" \/>\n<meta property=\"article:modified_time\" content=\"2023-10-02T15:28:01+00:00\" \/>\n<meta property=\"og:image\" content=\"https:\/\/amicsliceu.com\/wp-content\/uploads\/2023\/09\/Maria-Callas.jpg\" \/>\n\t<meta property=\"og:image:width\" content=\"1000\" \/>\n\t<meta property=\"og:image:height\" content=\"567\" \/>\n\t<meta property=\"og:image:type\" content=\"image\/jpeg\" \/>\n<meta name=\"author\" content=\"amicsdelliceu\" \/>\n<meta name=\"twitter:card\" content=\"summary_large_image\" \/>\n<meta name=\"twitter:label1\" content=\"Escrito por\" \/>\n\t<meta name=\"twitter:data1\" content=\"amicsdelliceu\" \/>\n\t<meta name=\"twitter:label2\" content=\"Tiempo de lectura\" \/>\n\t<meta name=\"twitter:data2\" content=\"2 minutos\" \/>\n<script type=\"application\/ld+json\" class=\"yoast-schema-graph\">{\"@context\":\"https:\/\/schema.org\",\"@graph\":[{\"@type\":\"Article\",\"@id\":\"https:\/\/amicsliceu.com\/es\/conferencia-centenari-maria-callas-vida-de-diva\/#article\",\"isPartOf\":{\"@id\":\"https:\/\/amicsliceu.com\/es\/conferencia-centenari-maria-callas-vida-de-diva\/\"},\"author\":{\"name\":\"amicsdelliceu\",\"@id\":\"https:\/\/amicsliceu.com\/es\/#\/schema\/person\/85f0597494326deed30f87ce0123b00f\"},\"headline\":\"Conferencia \u00abCentenario Maria Callas, vida de diva\u00bb\",\"datePublished\":\"2023-09-27T11:15:20+00:00\",\"dateModified\":\"2023-10-02T15:28:01+00:00\",\"mainEntityOfPage\":{\"@id\":\"https:\/\/amicsliceu.com\/es\/conferencia-centenari-maria-callas-vida-de-diva\/\"},\"wordCount\":204,\"publisher\":{\"@id\":\"https:\/\/amicsliceu.com\/es\/#organization\"},\"image\":{\"@id\":\"https:\/\/amicsliceu.com\/es\/conferencia-centenari-maria-callas-vida-de-diva\/#primaryimage\"},\"thumbnailUrl\":\"https:\/\/amicsliceu.com\/wp-content\/uploads\/2023\/09\/Maria-Callas.jpg\",\"articleSection\":[\"Actividades 2023-2024\"],\"inLanguage\":\"es\"},{\"@type\":\"WebPage\",\"@id\":\"https:\/\/amicsliceu.com\/es\/conferencia-centenari-maria-callas-vida-de-diva\/\",\"url\":\"https:\/\/amicsliceu.com\/es\/conferencia-centenari-maria-callas-vida-de-diva\/\",\"name\":\"Conferencia \\\"Centenario Maria Callas, vida de diva\\\" - Amics del Liceu\",\"isPartOf\":{\"@id\":\"https:\/\/amicsliceu.com\/es\/#website\"},\"primaryImageOfPage\":{\"@id\":\"https:\/\/amicsliceu.com\/es\/conferencia-centenari-maria-callas-vida-de-diva\/#primaryimage\"},\"image\":{\"@id\":\"https:\/\/amicsliceu.com\/es\/conferencia-centenari-maria-callas-vida-de-diva\/#primaryimage\"},\"thumbnailUrl\":\"https:\/\/amicsliceu.com\/wp-content\/uploads\/2023\/09\/Maria-Callas.jpg\",\"datePublished\":\"2023-09-27T11:15:20+00:00\",\"dateModified\":\"2023-10-02T15:28:01+00:00\",\"breadcrumb\":{\"@id\":\"https:\/\/amicsliceu.com\/es\/conferencia-centenari-maria-callas-vida-de-diva\/#breadcrumb\"},\"inLanguage\":\"es\",\"potentialAction\":[{\"@type\":\"ReadAction\",\"target\":[\"https:\/\/amicsliceu.com\/es\/conferencia-centenari-maria-callas-vida-de-diva\/\"]}]},{\"@type\":\"ImageObject\",\"inLanguage\":\"es\",\"@id\":\"https:\/\/amicsliceu.com\/es\/conferencia-centenari-maria-callas-vida-de-diva\/#primaryimage\",\"url\":\"https:\/\/amicsliceu.com\/wp-content\/uploads\/2023\/09\/Maria-Callas.jpg\",\"contentUrl\":\"https:\/\/amicsliceu.com\/wp-content\/uploads\/2023\/09\/Maria-Callas.jpg\",\"width\":1000,\"height\":567},{\"@type\":\"BreadcrumbList\",\"@id\":\"https:\/\/amicsliceu.com\/es\/conferencia-centenari-maria-callas-vida-de-diva\/#breadcrumb\",\"itemListElement\":[{\"@type\":\"ListItem\",\"position\":1,\"name\":\"Inicio\",\"item\":\"https:\/\/amicsliceu.com\/es\/\"},{\"@type\":\"ListItem\",\"position\":2,\"name\":\"Conferencia \u00abCentenario Maria Callas, vida de diva\u00bb\"}]},{\"@type\":\"WebSite\",\"@id\":\"https:\/\/amicsliceu.com\/es\/#website\",\"url\":\"https:\/\/amicsliceu.com\/es\/\",\"name\":\"Amics del Liceu\",\"description\":\"\",\"publisher\":{\"@id\":\"https:\/\/amicsliceu.com\/es\/#organization\"},\"potentialAction\":[{\"@type\":\"SearchAction\",\"target\":{\"@type\":\"EntryPoint\",\"urlTemplate\":\"https:\/\/amicsliceu.com\/es\/?s={search_term_string}\"},\"query-input\":{\"@type\":\"PropertyValueSpecification\",\"valueRequired\":true,\"valueName\":\"search_term_string\"}}],\"inLanguage\":\"es\"},{\"@type\":\"Organization\",\"@id\":\"https:\/\/amicsliceu.com\/es\/#organization\",\"name\":\"Amics del Liceu\",\"url\":\"https:\/\/amicsliceu.com\/es\/\",\"logo\":{\"@type\":\"ImageObject\",\"inLanguage\":\"es\",\"@id\":\"https:\/\/amicsliceu.com\/es\/#\/schema\/logo\/image\/\",\"url\":\"http:\/\/amicsliceu.com\/wp-content\/uploads\/2019\/03\/logo.png\",\"contentUrl\":\"http:\/\/amicsliceu.com\/wp-content\/uploads\/2019\/03\/logo.png\",\"width\":225,\"height\":92,\"caption\":\"Amics del Liceu\"},\"image\":{\"@id\":\"https:\/\/amicsliceu.com\/es\/#\/schema\/logo\/image\/\"}},{\"@type\":\"Person\",\"@id\":\"https:\/\/amicsliceu.com\/es\/#\/schema\/person\/85f0597494326deed30f87ce0123b00f\",\"name\":\"amicsdelliceu\",\"image\":{\"@type\":\"ImageObject\",\"inLanguage\":\"es\",\"@id\":\"https:\/\/amicsliceu.com\/es\/#\/schema\/person\/image\/\",\"url\":\"https:\/\/secure.gravatar.com\/avatar\/5020097ee7953cd5faf719e49be1709e?s=96&d=mm&r=g\",\"contentUrl\":\"https:\/\/secure.gravatar.com\/avatar\/5020097ee7953cd5faf719e49be1709e?s=96&d=mm&r=g\",\"caption\":\"amicsdelliceu\"},\"url\":\"https:\/\/amicsliceu.com\/es\/author\/admin\/\"}]}<\/script>\n<!-- \/ Yoast SEO plugin. -->","yoast_head_json":{"title":"Conferencia \"Centenario Maria Callas, vida de diva\" - Amics del Liceu","robots":{"index":"index","follow":"follow","max-snippet":"max-snippet:-1","max-image-preview":"max-image-preview:large","max-video-preview":"max-video-preview:-1"},"canonical":"https:\/\/amicsliceu.com\/es\/conferencia-centenari-maria-callas-vida-de-diva\/","og_locale":"es_ES","og_type":"article","og_title":"Conferencia \"Centenario Maria Callas, vida de diva\" - Amics del Liceu","og_description":"Martes 10 de octubre a las 19h Real C\u00edrculo Art\u00edstico (\u00bfC\u00f3mo llegar?) *Aforo limitado. Es necesaria reserva previa *Actividad gratuita y exclusiva para socios y acompa\u00f1antes Este a\u00f1o, con motivo del centenario de la gran soprano Maria Callas (nacida en&hellip;","og_url":"https:\/\/amicsliceu.com\/es\/conferencia-centenari-maria-callas-vida-de-diva\/","og_site_name":"Amics del Liceu","article_published_time":"2023-09-27T11:15:20+00:00","article_modified_time":"2023-10-02T15:28:01+00:00","og_image":[{"width":1000,"height":567,"url":"https:\/\/amicsliceu.com\/wp-content\/uploads\/2023\/09\/Maria-Callas.jpg","type":"image\/jpeg"}],"author":"amicsdelliceu","twitter_card":"summary_large_image","twitter_misc":{"Escrito por":"amicsdelliceu","Tiempo de lectura":"2 minutos"},"schema":{"@context":"https:\/\/schema.org","@graph":[{"@type":"Article","@id":"https:\/\/amicsliceu.com\/es\/conferencia-centenari-maria-callas-vida-de-diva\/#article","isPartOf":{"@id":"https:\/\/amicsliceu.com\/es\/conferencia-centenari-maria-callas-vida-de-diva\/"},"author":{"name":"amicsdelliceu","@id":"https:\/\/amicsliceu.com\/es\/#\/schema\/person\/85f0597494326deed30f87ce0123b00f"},"headline":"Conferencia \u00abCentenario Maria Callas, vida de diva\u00bb","datePublished":"2023-09-27T11:15:20+00:00","dateModified":"2023-10-02T15:28:01+00:00","mainEntityOfPage":{"@id":"https:\/\/amicsliceu.com\/es\/conferencia-centenari-maria-callas-vida-de-diva\/"},"wordCount":204,"publisher":{"@id":"https:\/\/amicsliceu.com\/es\/#organization"},"image":{"@id":"https:\/\/amicsliceu.com\/es\/conferencia-centenari-maria-callas-vida-de-diva\/#primaryimage"},"thumbnailUrl":"https:\/\/amicsliceu.com\/wp-content\/uploads\/2023\/09\/Maria-Callas.jpg","articleSection":["Actividades 2023-2024"],"inLanguage":"es"},{"@type":"WebPage","@id":"https:\/\/amicsliceu.com\/es\/conferencia-centenari-maria-callas-vida-de-diva\/","url":"https:\/\/amicsliceu.com\/es\/conferencia-centenari-maria-callas-vida-de-diva\/","name":"Conferencia \"Centenario Maria Callas, vida de diva\" - Amics del Liceu","isPartOf":{"@id":"https:\/\/amicsliceu.com\/es\/#website"},"primaryImageOfPage":{"@id":"https:\/\/amicsliceu.com\/es\/conferencia-centenari-maria-callas-vida-de-diva\/#primaryimage"},"image":{"@id":"https:\/\/amicsliceu.com\/es\/conferencia-centenari-maria-callas-vida-de-diva\/#primaryimage"},"thumbnailUrl":"https:\/\/amicsliceu.com\/wp-content\/uploads\/2023\/09\/Maria-Callas.jpg","datePublished":"2023-09-27T11:15:20+00:00","dateModified":"2023-10-02T15:28:01+00:00","breadcrumb":{"@id":"https:\/\/amicsliceu.com\/es\/conferencia-centenari-maria-callas-vida-de-diva\/#breadcrumb"},"inLanguage":"es","potentialAction":[{"@type":"ReadAction","target":["https:\/\/amicsliceu.com\/es\/conferencia-centenari-maria-callas-vida-de-diva\/"]}]},{"@type":"ImageObject","inLanguage":"es","@id":"https:\/\/amicsliceu.com\/es\/conferencia-centenari-maria-callas-vida-de-diva\/#primaryimage","url":"https:\/\/amicsliceu.com\/wp-content\/uploads\/2023\/09\/Maria-Callas.jpg","contentUrl":"https:\/\/amicsliceu.com\/wp-content\/uploads\/2023\/09\/Maria-Callas.jpg","width":1000,"height":567},{"@type":"BreadcrumbList","@id":"https:\/\/amicsliceu.com\/es\/conferencia-centenari-maria-callas-vida-de-diva\/#breadcrumb","itemListElement":[{"@type":"ListItem","position":1,"name":"Inicio","item":"https:\/\/amicsliceu.com\/es\/"},{"@type":"ListItem","position":2,"name":"Conferencia \u00abCentenario Maria Callas, vida de diva\u00bb"}]},{"@type":"WebSite","@id":"https:\/\/amicsliceu.com\/es\/#website","url":"https:\/\/amicsliceu.com\/es\/","name":"Amics del Liceu","description":"","publisher":{"@id":"https:\/\/amicsliceu.com\/es\/#organization"},"potentialAction":[{"@type":"SearchAction","target":{"@type":"EntryPoint","urlTemplate":"https:\/\/amicsliceu.com\/es\/?s={search_term_string}"},"query-input":{"@type":"PropertyValueSpecification","valueRequired":true,"valueName":"search_term_string"}}],"inLanguage":"es"},{"@type":"Organization","@id":"https:\/\/amicsliceu.com\/es\/#organization","name":"Amics del Liceu","url":"https:\/\/amicsliceu.com\/es\/","logo":{"@type":"ImageObject","inLanguage":"es","@id":"https:\/\/amicsliceu.com\/es\/#\/schema\/logo\/image\/","url":"http:\/\/amicsliceu.com\/wp-content\/uploads\/2019\/03\/logo.png","contentUrl":"http:\/\/amicsliceu.com\/wp-content\/uploads\/2019\/03\/logo.png","width":225,"height":92,"caption":"Amics del Liceu"},"image":{"@id":"https:\/\/amicsliceu.com\/es\/#\/schema\/logo\/image\/"}},{"@type":"Person","@id":"https:\/\/amicsliceu.com\/es\/#\/schema\/person\/85f0597494326deed30f87ce0123b00f","name":"amicsdelliceu","image":{"@type":"ImageObject","inLanguage":"es","@id":"https:\/\/amicsliceu.com\/es\/#\/schema\/person\/image\/","url":"https:\/\/secure.gravatar.com\/avatar\/5020097ee7953cd5faf719e49be1709e?s=96&d=mm&r=g","contentUrl":"https:\/\/secure.gravatar.com\/avatar\/5020097ee7953cd5faf719e49be1709e?s=96&d=mm&r=g","caption":"amicsdelliceu"},"url":"https:\/\/amicsliceu.com\/es\/author\/admin\/"}]}},"views":6,"_links":{"self":[{"href":"https:\/\/amicsliceu.com\/es\/wp-json\/wp\/v2\/posts\/17426"}],"collection":[{"href":"https:\/\/amicsliceu.com\/es\/wp-json\/wp\/v2\/posts"}],"about":[{"href":"https:\/\/amicsliceu.com\/es\/wp-json\/wp\/v2\/types\/post"}],"author":[{"embeddable":true,"href":"https:\/\/amicsliceu.com\/es\/wp-json\/wp\/v2\/users\/1"}],"replies":[{"embeddable":true,"href":"https:\/\/amicsliceu.com\/es\/wp-json\/wp\/v2\/comments?post=17426"}],"version-history":[{"count":4,"href":"https:\/\/amicsliceu.com\/es\/wp-json\/wp\/v2\/posts\/17426\/revisions"}],"predecessor-version":[{"id":17431,"href":"https:\/\/amicsliceu.com\/es\/wp-json\/wp\/v2\/posts\/17426\/revisions\/17431"}],"wp:featuredmedia":[{"embeddable":true,"href":"https:\/\/amicsliceu.com\/es\/wp-json\/wp\/v2\/media\/17376"}],"wp:attachment":[{"href":"https:\/\/amicsliceu.com\/es\/wp-json\/wp\/v2\/media?parent=17426"}],"wp:term":[{"taxonomy":"category","embeddable":true,"href":"https:\/\/amicsliceu.com\/es\/wp-json\/wp\/v2\/categories?post=17426"},{"taxonomy":"post_tag","embeddable":true,"href":"https:\/\/amicsliceu.com\/es\/wp-json\/wp\/v2\/tags?post=17426"}],"curies":[{"name":"wp","href":"https:\/\/api.w.org\/{rel}","templated":true}]}}