{"id":21938,"date":"2025-03-27T11:54:19","date_gmt":"2025-03-27T11:54:19","guid":{"rendered":"https:\/\/amicsliceu.com\/entrevista-amb-la-soprano-saioa-hernandez\/"},"modified":"2025-03-27T11:55:44","modified_gmt":"2025-03-27T11:55:44","slug":"entrevista-amb-la-soprano-saioa-hernandez","status":"publish","type":"post","link":"https:\/\/amicsliceu.com\/es\/entrevista-amb-la-soprano-saioa-hernandez\/","title":{"rendered":"Entrevista con la soprano Saioa Hern\u00e1ndez"},"content":{"rendered":"<p style=\"text-align: justify;\">Saioa Hern\u00e1ndez es una de las voces m\u00e1s solicitadas por los principales teatros y orquestas de todo el mundo, incluyendo el Teatro alla Scala de Mil\u00e1n, la Wiener Staatsoper, la \u00d3pera de Par\u00eds, la Bayerische Staatsoper, la Berliner Staatsoper, el Covent Garden, el Gran Teatro del Liceu. Ha sido galardonada con la Medalla de Oro al M\u00e9rito en las Bellas Artes en 2021 y recibi\u00f3 el Oscar L\u00edrico a la Mejor Soprano del A\u00f1o 2021. En 2022 gan\u00f3 el I Premio Tal\u00eda de las Artes Esc\u00e9nicas 2023 a la Mejor Int\u00e9rprete L\u00edrica Femenina. Recientemente, lo hemos podido ver en el Gran Teatre del Liceu interpretando el papel de Cio-Cio-San en Madama Butterfly.<\/p>\n","protected":false},"excerpt":{"rendered":"<p>Saioa Hern\u00e1ndez es una de las voces m\u00e1s solicitadas por los principales teatros y orquestas de todo el mundo, incluyendo el Teatro alla Scala de Mil\u00e1n, la Wiener Staatsoper, la \u00d3pera de Par\u00eds, la Bayerische Staatsoper, la Berliner Staatsoper, el&hellip;<\/p>\n","protected":false},"author":1,"featured_media":0,"comment_status":"closed","ping_status":"open","sticky":false,"template":"","format":"video","meta":{"footnotes":""},"categories":[98],"tags":[],"class_list":["post-21938","post","type-post","status-publish","format-video","hentry","category-entrevistas","post_format-post-format-video","entry","has-media"],"yoast_head":"<!-- This site is optimized with the Yoast SEO plugin v23.9 - https:\/\/yoast.com\/wordpress\/plugins\/seo\/ -->\n<title>Entrevista con la soprano Saioa Hern\u00e1ndez - Amics del Liceu<\/title>\n<meta name=\"robots\" content=\"index, follow, max-snippet:-1, max-image-preview:large, max-video-preview:-1\" \/>\n<link rel=\"canonical\" href=\"https:\/\/amicsliceu.com\/es\/entrevista-amb-la-soprano-saioa-hernandez\/\" \/>\n<meta property=\"og:locale\" content=\"es_ES\" \/>\n<meta property=\"og:type\" content=\"article\" \/>\n<meta property=\"og:title\" content=\"Entrevista con la soprano Saioa Hern\u00e1ndez - Amics del Liceu\" \/>\n<meta property=\"og:description\" content=\"Saioa Hern\u00e1ndez es una de las voces m\u00e1s solicitadas por los principales teatros y orquestas de todo el mundo, incluyendo el Teatro alla Scala de Mil\u00e1n, la Wiener Staatsoper, la \u00d3pera de Par\u00eds, la Bayerische Staatsoper, la Berliner Staatsoper, el&hellip;\" \/>\n<meta property=\"og:url\" content=\"https:\/\/amicsliceu.com\/es\/entrevista-amb-la-soprano-saioa-hernandez\/\" \/>\n<meta property=\"og:site_name\" content=\"Amics del Liceu\" \/>\n<meta property=\"article:published_time\" content=\"2025-03-27T11:54:19+00:00\" \/>\n<meta property=\"article:modified_time\" content=\"2025-03-27T11:55:44+00:00\" \/>\n<meta name=\"author\" content=\"amicsdelliceu\" \/>\n<meta name=\"twitter:card\" content=\"summary_large_image\" \/>\n<meta name=\"twitter:label1\" content=\"Escrito por\" \/>\n\t<meta name=\"twitter:data1\" content=\"amicsdelliceu\" \/>\n\t<meta name=\"twitter:label2\" content=\"Tiempo de lectura\" \/>\n\t<meta name=\"twitter:data2\" content=\"1 minuto\" \/>\n<script type=\"application\/ld+json\" class=\"yoast-schema-graph\">{\"@context\":\"https:\/\/schema.org\",\"@graph\":[{\"@type\":\"Article\",\"@id\":\"https:\/\/amicsliceu.com\/es\/entrevista-amb-la-soprano-saioa-hernandez\/#article\",\"isPartOf\":{\"@id\":\"https:\/\/amicsliceu.com\/es\/entrevista-amb-la-soprano-saioa-hernandez\/\"},\"author\":{\"name\":\"amicsdelliceu\",\"@id\":\"https:\/\/amicsliceu.com\/es\/#\/schema\/person\/85f0597494326deed30f87ce0123b00f\"},\"headline\":\"Entrevista con la soprano Saioa Hern\u00e1ndez\",\"datePublished\":\"2025-03-27T11:54:19+00:00\",\"dateModified\":\"2025-03-27T11:55:44+00:00\",\"mainEntityOfPage\":{\"@id\":\"https:\/\/amicsliceu.com\/es\/entrevista-amb-la-soprano-saioa-hernandez\/\"},\"wordCount\":126,\"publisher\":{\"@id\":\"https:\/\/amicsliceu.com\/es\/#organization\"},\"articleSection\":[\"Entrevistas\"],\"inLanguage\":\"es\"},{\"@type\":\"WebPage\",\"@id\":\"https:\/\/amicsliceu.com\/es\/entrevista-amb-la-soprano-saioa-hernandez\/\",\"url\":\"https:\/\/amicsliceu.com\/es\/entrevista-amb-la-soprano-saioa-hernandez\/\",\"name\":\"Entrevista con la soprano Saioa Hern\u00e1ndez - Amics del Liceu\",\"isPartOf\":{\"@id\":\"https:\/\/amicsliceu.com\/es\/#website\"},\"datePublished\":\"2025-03-27T11:54:19+00:00\",\"dateModified\":\"2025-03-27T11:55:44+00:00\",\"breadcrumb\":{\"@id\":\"https:\/\/amicsliceu.com\/es\/entrevista-amb-la-soprano-saioa-hernandez\/#breadcrumb\"},\"inLanguage\":\"es\",\"potentialAction\":[{\"@type\":\"ReadAction\",\"target\":[\"https:\/\/amicsliceu.com\/es\/entrevista-amb-la-soprano-saioa-hernandez\/\"]}]},{\"@type\":\"BreadcrumbList\",\"@id\":\"https:\/\/amicsliceu.com\/es\/entrevista-amb-la-soprano-saioa-hernandez\/#breadcrumb\",\"itemListElement\":[{\"@type\":\"ListItem\",\"position\":1,\"name\":\"Inicio\",\"item\":\"https:\/\/amicsliceu.com\/es\/\"},{\"@type\":\"ListItem\",\"position\":2,\"name\":\"Entrevista con la soprano Saioa Hern\u00e1ndez\"}]},{\"@type\":\"WebSite\",\"@id\":\"https:\/\/amicsliceu.com\/es\/#website\",\"url\":\"https:\/\/amicsliceu.com\/es\/\",\"name\":\"Amics del Liceu\",\"description\":\"\",\"publisher\":{\"@id\":\"https:\/\/amicsliceu.com\/es\/#organization\"},\"potentialAction\":[{\"@type\":\"SearchAction\",\"target\":{\"@type\":\"EntryPoint\",\"urlTemplate\":\"https:\/\/amicsliceu.com\/es\/?s={search_term_string}\"},\"query-input\":{\"@type\":\"PropertyValueSpecification\",\"valueRequired\":true,\"valueName\":\"search_term_string\"}}],\"inLanguage\":\"es\"},{\"@type\":\"Organization\",\"@id\":\"https:\/\/amicsliceu.com\/es\/#organization\",\"name\":\"Amics del Liceu\",\"url\":\"https:\/\/amicsliceu.com\/es\/\",\"logo\":{\"@type\":\"ImageObject\",\"inLanguage\":\"es\",\"@id\":\"https:\/\/amicsliceu.com\/es\/#\/schema\/logo\/image\/\",\"url\":\"http:\/\/amicsliceu.com\/wp-content\/uploads\/2019\/03\/logo.png\",\"contentUrl\":\"http:\/\/amicsliceu.com\/wp-content\/uploads\/2019\/03\/logo.png\",\"width\":225,\"height\":92,\"caption\":\"Amics del Liceu\"},\"image\":{\"@id\":\"https:\/\/amicsliceu.com\/es\/#\/schema\/logo\/image\/\"}},{\"@type\":\"Person\",\"@id\":\"https:\/\/amicsliceu.com\/es\/#\/schema\/person\/85f0597494326deed30f87ce0123b00f\",\"name\":\"amicsdelliceu\",\"image\":{\"@type\":\"ImageObject\",\"inLanguage\":\"es\",\"@id\":\"https:\/\/amicsliceu.com\/es\/#\/schema\/person\/image\/\",\"url\":\"https:\/\/secure.gravatar.com\/avatar\/5020097ee7953cd5faf719e49be1709e?s=96&d=mm&r=g\",\"contentUrl\":\"https:\/\/secure.gravatar.com\/avatar\/5020097ee7953cd5faf719e49be1709e?s=96&d=mm&r=g\",\"caption\":\"amicsdelliceu\"},\"url\":\"https:\/\/amicsliceu.com\/es\/author\/admin\/\"}]}<\/script>\n<!-- \/ Yoast SEO plugin. -->","yoast_head_json":{"title":"Entrevista con la soprano Saioa Hern\u00e1ndez - Amics del Liceu","robots":{"index":"index","follow":"follow","max-snippet":"max-snippet:-1","max-image-preview":"max-image-preview:large","max-video-preview":"max-video-preview:-1"},"canonical":"https:\/\/amicsliceu.com\/es\/entrevista-amb-la-soprano-saioa-hernandez\/","og_locale":"es_ES","og_type":"article","og_title":"Entrevista con la soprano Saioa Hern\u00e1ndez - Amics del Liceu","og_description":"Saioa Hern\u00e1ndez es una de las voces m\u00e1s solicitadas por los principales teatros y orquestas de todo el mundo, incluyendo el Teatro alla Scala de Mil\u00e1n, la Wiener Staatsoper, la \u00d3pera de Par\u00eds, la Bayerische Staatsoper, la Berliner Staatsoper, el&hellip;","og_url":"https:\/\/amicsliceu.com\/es\/entrevista-amb-la-soprano-saioa-hernandez\/","og_site_name":"Amics del Liceu","article_published_time":"2025-03-27T11:54:19+00:00","article_modified_time":"2025-03-27T11:55:44+00:00","author":"amicsdelliceu","twitter_card":"summary_large_image","twitter_misc":{"Escrito por":"amicsdelliceu","Tiempo de lectura":"1 minuto"},"schema":{"@context":"https:\/\/schema.org","@graph":[{"@type":"Article","@id":"https:\/\/amicsliceu.com\/es\/entrevista-amb-la-soprano-saioa-hernandez\/#article","isPartOf":{"@id":"https:\/\/amicsliceu.com\/es\/entrevista-amb-la-soprano-saioa-hernandez\/"},"author":{"name":"amicsdelliceu","@id":"https:\/\/amicsliceu.com\/es\/#\/schema\/person\/85f0597494326deed30f87ce0123b00f"},"headline":"Entrevista con la soprano Saioa Hern\u00e1ndez","datePublished":"2025-03-27T11:54:19+00:00","dateModified":"2025-03-27T11:55:44+00:00","mainEntityOfPage":{"@id":"https:\/\/amicsliceu.com\/es\/entrevista-amb-la-soprano-saioa-hernandez\/"},"wordCount":126,"publisher":{"@id":"https:\/\/amicsliceu.com\/es\/#organization"},"articleSection":["Entrevistas"],"inLanguage":"es"},{"@type":"WebPage","@id":"https:\/\/amicsliceu.com\/es\/entrevista-amb-la-soprano-saioa-hernandez\/","url":"https:\/\/amicsliceu.com\/es\/entrevista-amb-la-soprano-saioa-hernandez\/","name":"Entrevista con la soprano Saioa Hern\u00e1ndez - Amics del Liceu","isPartOf":{"@id":"https:\/\/amicsliceu.com\/es\/#website"},"datePublished":"2025-03-27T11:54:19+00:00","dateModified":"2025-03-27T11:55:44+00:00","breadcrumb":{"@id":"https:\/\/amicsliceu.com\/es\/entrevista-amb-la-soprano-saioa-hernandez\/#breadcrumb"},"inLanguage":"es","potentialAction":[{"@type":"ReadAction","target":["https:\/\/amicsliceu.com\/es\/entrevista-amb-la-soprano-saioa-hernandez\/"]}]},{"@type":"BreadcrumbList","@id":"https:\/\/amicsliceu.com\/es\/entrevista-amb-la-soprano-saioa-hernandez\/#breadcrumb","itemListElement":[{"@type":"ListItem","position":1,"name":"Inicio","item":"https:\/\/amicsliceu.com\/es\/"},{"@type":"ListItem","position":2,"name":"Entrevista con la soprano Saioa Hern\u00e1ndez"}]},{"@type":"WebSite","@id":"https:\/\/amicsliceu.com\/es\/#website","url":"https:\/\/amicsliceu.com\/es\/","name":"Amics del Liceu","description":"","publisher":{"@id":"https:\/\/amicsliceu.com\/es\/#organization"},"potentialAction":[{"@type":"SearchAction","target":{"@type":"EntryPoint","urlTemplate":"https:\/\/amicsliceu.com\/es\/?s={search_term_string}"},"query-input":{"@type":"PropertyValueSpecification","valueRequired":true,"valueName":"search_term_string"}}],"inLanguage":"es"},{"@type":"Organization","@id":"https:\/\/amicsliceu.com\/es\/#organization","name":"Amics del Liceu","url":"https:\/\/amicsliceu.com\/es\/","logo":{"@type":"ImageObject","inLanguage":"es","@id":"https:\/\/amicsliceu.com\/es\/#\/schema\/logo\/image\/","url":"http:\/\/amicsliceu.com\/wp-content\/uploads\/2019\/03\/logo.png","contentUrl":"http:\/\/amicsliceu.com\/wp-content\/uploads\/2019\/03\/logo.png","width":225,"height":92,"caption":"Amics del Liceu"},"image":{"@id":"https:\/\/amicsliceu.com\/es\/#\/schema\/logo\/image\/"}},{"@type":"Person","@id":"https:\/\/amicsliceu.com\/es\/#\/schema\/person\/85f0597494326deed30f87ce0123b00f","name":"amicsdelliceu","image":{"@type":"ImageObject","inLanguage":"es","@id":"https:\/\/amicsliceu.com\/es\/#\/schema\/person\/image\/","url":"https:\/\/secure.gravatar.com\/avatar\/5020097ee7953cd5faf719e49be1709e?s=96&d=mm&r=g","contentUrl":"https:\/\/secure.gravatar.com\/avatar\/5020097ee7953cd5faf719e49be1709e?s=96&d=mm&r=g","caption":"amicsdelliceu"},"url":"https:\/\/amicsliceu.com\/es\/author\/admin\/"}]}},"views":0,"_links":{"self":[{"href":"https:\/\/amicsliceu.com\/es\/wp-json\/wp\/v2\/posts\/21938"}],"collection":[{"href":"https:\/\/amicsliceu.com\/es\/wp-json\/wp\/v2\/posts"}],"about":[{"href":"https:\/\/amicsliceu.com\/es\/wp-json\/wp\/v2\/types\/post"}],"author":[{"embeddable":true,"href":"https:\/\/amicsliceu.com\/es\/wp-json\/wp\/v2\/users\/1"}],"replies":[{"embeddable":true,"href":"https:\/\/amicsliceu.com\/es\/wp-json\/wp\/v2\/comments?post=21938"}],"version-history":[{"count":1,"href":"https:\/\/amicsliceu.com\/es\/wp-json\/wp\/v2\/posts\/21938\/revisions"}],"predecessor-version":[{"id":21939,"href":"https:\/\/amicsliceu.com\/es\/wp-json\/wp\/v2\/posts\/21938\/revisions\/21939"}],"wp:attachment":[{"href":"https:\/\/amicsliceu.com\/es\/wp-json\/wp\/v2\/media?parent=21938"}],"wp:term":[{"taxonomy":"category","embeddable":true,"href":"https:\/\/amicsliceu.com\/es\/wp-json\/wp\/v2\/categories?post=21938"},{"taxonomy":"post_tag","embeddable":true,"href":"https:\/\/amicsliceu.com\/es\/wp-json\/wp\/v2\/tags?post=21938"}],"curies":[{"name":"wp","href":"https:\/\/api.w.org\/{rel}","templated":true}]}}