{"id":22205,"date":"2025-05-08T10:01:03","date_gmt":"2025-05-08T10:01:03","guid":{"rendered":"https:\/\/amicsliceu.com\/?p=22205"},"modified":"2025-05-08T10:01:03","modified_gmt":"2025-05-08T10:01:03","slug":"recomendamosla-flauta-magica-de-mozart-en-el-conservatori-del-liceu","status":"publish","type":"post","link":"https:\/\/amicsliceu.com\/es\/recomendamosla-flauta-magica-de-mozart-en-el-conservatori-del-liceu\/","title":{"rendered":"Recomendamos\u00bbLa Flauta M\u00e1gica\u00bb de Mozart en el Conservatori del Liceu"},"content":{"rendered":"<p class=\"v1v1MsoNormal\" style=\"text-align: justify;\"><strong>Jueves 15 y viernes 16 de mayo a las 19h<\/strong><br \/>\n<strong>Auditorio del Conservatori del Liceu (<a href=\"https:\/\/www.google.es\/maps\/place\/Fundaci%C3%B3+Conservatori+Liceu\/@41.3761667,2.1709583,17z\/data=!3m1!4b1!4m6!3m5!1s0x12a4a25960f74685:0x5e6b4bfdbcb85c0!8m2!3d41.3761667!4d2.1709583!16zL20vMDMyOWZ4?entry=tts&amp;g_ep=EgoyMDI0MTEyNC4xIPu8ASoASAFQAw%3D%3D\">\u00bfC\u00f3mo llegar?<\/a>)<\/strong><br \/>\n<strong>Precio: 10\u20ac<\/strong><\/p>\n<p style=\"text-align: justify;\">De acuerdo con nuestro compromiso y apoyo con el Conservatori del Liceu, los Amics del Liceu recomendamos la \u00f3pera que los alumnos del <strong>M\u00e1ster en Interpretaci\u00f3n de \u00d3pera del Conservatori Liceu<\/strong>\u00a0representar\u00e1n esta primavera. Este a\u00f1o se trata de <strong><em>La Flauta M\u00e1gica<\/em><\/strong> de Mozart, El reparto estar\u00e1 formado \u00edntegramente por alumnos de este programa, y \u200b\u200bcontar\u00e1 con la direcci\u00f3n musical de <strong>Josep Planells<\/strong>, la direcci\u00f3n de escena de <strong>Anna Ponces<\/strong>\u00a0y la direcci\u00f3n art\u00edstica de <strong>Josep Bros<\/strong>. Este m\u00e1ster representa una oportunidad para los alumnos de formarse en el contexto de una producci\u00f3n oper\u00edstica de car\u00e1cter profesional bajo la gu\u00eda de expertos en esta gran obra maestra del compositor austr\u00edaco.<\/p>\n<p>Las representaciones se realizar\u00e1n el<strong> 15 y 16 de mayo<\/strong>,\u00a0\u00a0a las 19h, en el Auditorio del Conservatori Liceu, acompa\u00f1ados de la Orquesta Sinf\u00f3nica del Conservatorio Liceu.<\/p>\n<p>Compra entradas para la funci\u00f3n del d\u00eda 15 de mayo <a href=\"https:\/\/www.conservatoriliceu.es\/agenda\/liceu-cambra\/opera-flauta-magica-2425-1\/\">aqu\u00ed<\/a><br \/>\nCompra entradas para la funci\u00f3n del d\u00eda 16 de mayo <a href=\"https:\/\/www.conservatoriliceu.es\/agenda\/liceu-cambra\/opera-flauta-magica-2425-2\/\">aqu\u00ed<\/a><\/p>\n<p><strong>\u00a1Qu\u00e9 disfrutes del espect\u00e1culo!\u00a0<\/strong><\/p>\n<p>&nbsp;<\/p>\n","protected":false},"excerpt":{"rendered":"<p>Jueves 15 y viernes 16 de mayo a las 19h Auditorio del Conservatori del Liceu (\u00bfC\u00f3mo llegar?) Precio: 10\u20ac De acuerdo con nuestro compromiso y apoyo con el Conservatori del Liceu, los Amics del Liceu recomendamos la \u00f3pera que los&hellip;<\/p>\n","protected":false},"author":1,"featured_media":22202,"comment_status":"closed","ping_status":"open","sticky":false,"template":"","format":"standard","meta":{"footnotes":""},"categories":[62],"tags":[],"class_list":["post-22205","post","type-post","status-publish","format-standard","has-post-thumbnail","hentry","category-noticias-culturales","entry","has-media"],"yoast_head":"<!-- This site is optimized with the Yoast SEO plugin v23.9 - https:\/\/yoast.com\/wordpress\/plugins\/seo\/ -->\n<title>Recomendamos&quot;La Flauta M\u00e1gica&quot; de Mozart en el Conservatori del Liceu - Amics del Liceu<\/title>\n<meta name=\"robots\" content=\"index, follow, max-snippet:-1, max-image-preview:large, max-video-preview:-1\" \/>\n<link rel=\"canonical\" href=\"https:\/\/amicsliceu.com\/es\/recomendamosla-flauta-magica-de-mozart-en-el-conservatori-del-liceu\/\" \/>\n<meta property=\"og:locale\" content=\"es_ES\" \/>\n<meta property=\"og:type\" content=\"article\" \/>\n<meta property=\"og:title\" content=\"Recomendamos&quot;La Flauta M\u00e1gica&quot; de Mozart en el Conservatori del Liceu - Amics del Liceu\" \/>\n<meta property=\"og:description\" content=\"Jueves 15 y viernes 16 de mayo a las 19h Auditorio del Conservatori del Liceu (\u00bfC\u00f3mo llegar?) Precio: 10\u20ac De acuerdo con nuestro compromiso y apoyo con el Conservatori del Liceu, los Amics del Liceu recomendamos la \u00f3pera que los&hellip;\" \/>\n<meta property=\"og:url\" content=\"https:\/\/amicsliceu.com\/es\/recomendamosla-flauta-magica-de-mozart-en-el-conservatori-del-liceu\/\" \/>\n<meta property=\"og:site_name\" content=\"Amics del Liceu\" \/>\n<meta property=\"article:published_time\" content=\"2025-05-08T10:01:03+00:00\" \/>\n<meta property=\"og:image\" content=\"https:\/\/amicsliceu.com\/wp-content\/uploads\/2025\/05\/la-flauta-magica.jpg\" \/>\n\t<meta property=\"og:image:width\" content=\"950\" \/>\n\t<meta property=\"og:image:height\" content=\"470\" \/>\n\t<meta property=\"og:image:type\" content=\"image\/jpeg\" \/>\n<meta name=\"author\" content=\"amicsdelliceu\" \/>\n<meta name=\"twitter:card\" content=\"summary_large_image\" \/>\n<meta name=\"twitter:label1\" content=\"Escrito por\" \/>\n\t<meta name=\"twitter:data1\" content=\"amicsdelliceu\" \/>\n\t<meta name=\"twitter:label2\" content=\"Tiempo de lectura\" \/>\n\t<meta name=\"twitter:data2\" content=\"2 minutos\" \/>\n<script type=\"application\/ld+json\" class=\"yoast-schema-graph\">{\"@context\":\"https:\/\/schema.org\",\"@graph\":[{\"@type\":\"Article\",\"@id\":\"https:\/\/amicsliceu.com\/es\/recomendamosla-flauta-magica-de-mozart-en-el-conservatori-del-liceu\/#article\",\"isPartOf\":{\"@id\":\"https:\/\/amicsliceu.com\/es\/recomendamosla-flauta-magica-de-mozart-en-el-conservatori-del-liceu\/\"},\"author\":{\"name\":\"amicsdelliceu\",\"@id\":\"https:\/\/amicsliceu.com\/es\/#\/schema\/person\/85f0597494326deed30f87ce0123b00f\"},\"headline\":\"Recomendamos\u00bbLa Flauta M\u00e1gica\u00bb de Mozart en el Conservatori del Liceu\",\"datePublished\":\"2025-05-08T10:01:03+00:00\",\"dateModified\":\"2025-05-08T10:01:03+00:00\",\"mainEntityOfPage\":{\"@id\":\"https:\/\/amicsliceu.com\/es\/recomendamosla-flauta-magica-de-mozart-en-el-conservatori-del-liceu\/\"},\"wordCount\":212,\"publisher\":{\"@id\":\"https:\/\/amicsliceu.com\/es\/#organization\"},\"image\":{\"@id\":\"https:\/\/amicsliceu.com\/es\/recomendamosla-flauta-magica-de-mozart-en-el-conservatori-del-liceu\/#primaryimage\"},\"thumbnailUrl\":\"https:\/\/amicsliceu.com\/wp-content\/uploads\/2025\/05\/la-flauta-magica.jpg\",\"articleSection\":[\"Not\u00edcias culturales\"],\"inLanguage\":\"es\"},{\"@type\":\"WebPage\",\"@id\":\"https:\/\/amicsliceu.com\/es\/recomendamosla-flauta-magica-de-mozart-en-el-conservatori-del-liceu\/\",\"url\":\"https:\/\/amicsliceu.com\/es\/recomendamosla-flauta-magica-de-mozart-en-el-conservatori-del-liceu\/\",\"name\":\"Recomendamos\\\"La Flauta M\u00e1gica\\\" de Mozart en el Conservatori del Liceu - Amics del Liceu\",\"isPartOf\":{\"@id\":\"https:\/\/amicsliceu.com\/es\/#website\"},\"primaryImageOfPage\":{\"@id\":\"https:\/\/amicsliceu.com\/es\/recomendamosla-flauta-magica-de-mozart-en-el-conservatori-del-liceu\/#primaryimage\"},\"image\":{\"@id\":\"https:\/\/amicsliceu.com\/es\/recomendamosla-flauta-magica-de-mozart-en-el-conservatori-del-liceu\/#primaryimage\"},\"thumbnailUrl\":\"https:\/\/amicsliceu.com\/wp-content\/uploads\/2025\/05\/la-flauta-magica.jpg\",\"datePublished\":\"2025-05-08T10:01:03+00:00\",\"dateModified\":\"2025-05-08T10:01:03+00:00\",\"breadcrumb\":{\"@id\":\"https:\/\/amicsliceu.com\/es\/recomendamosla-flauta-magica-de-mozart-en-el-conservatori-del-liceu\/#breadcrumb\"},\"inLanguage\":\"es\",\"potentialAction\":[{\"@type\":\"ReadAction\",\"target\":[\"https:\/\/amicsliceu.com\/es\/recomendamosla-flauta-magica-de-mozart-en-el-conservatori-del-liceu\/\"]}]},{\"@type\":\"ImageObject\",\"inLanguage\":\"es\",\"@id\":\"https:\/\/amicsliceu.com\/es\/recomendamosla-flauta-magica-de-mozart-en-el-conservatori-del-liceu\/#primaryimage\",\"url\":\"https:\/\/amicsliceu.com\/wp-content\/uploads\/2025\/05\/la-flauta-magica.jpg\",\"contentUrl\":\"https:\/\/amicsliceu.com\/wp-content\/uploads\/2025\/05\/la-flauta-magica.jpg\",\"width\":950,\"height\":470},{\"@type\":\"BreadcrumbList\",\"@id\":\"https:\/\/amicsliceu.com\/es\/recomendamosla-flauta-magica-de-mozart-en-el-conservatori-del-liceu\/#breadcrumb\",\"itemListElement\":[{\"@type\":\"ListItem\",\"position\":1,\"name\":\"Inicio\",\"item\":\"https:\/\/amicsliceu.com\/es\/\"},{\"@type\":\"ListItem\",\"position\":2,\"name\":\"Recomendamos&#8221;La Flauta M\u00e1gica&#8221; de Mozart en el Conservatori del Liceu\"}]},{\"@type\":\"WebSite\",\"@id\":\"https:\/\/amicsliceu.com\/es\/#website\",\"url\":\"https:\/\/amicsliceu.com\/es\/\",\"name\":\"Amics del Liceu\",\"description\":\"\",\"publisher\":{\"@id\":\"https:\/\/amicsliceu.com\/es\/#organization\"},\"potentialAction\":[{\"@type\":\"SearchAction\",\"target\":{\"@type\":\"EntryPoint\",\"urlTemplate\":\"https:\/\/amicsliceu.com\/es\/?s={search_term_string}\"},\"query-input\":{\"@type\":\"PropertyValueSpecification\",\"valueRequired\":true,\"valueName\":\"search_term_string\"}}],\"inLanguage\":\"es\"},{\"@type\":\"Organization\",\"@id\":\"https:\/\/amicsliceu.com\/es\/#organization\",\"name\":\"Amics del Liceu\",\"url\":\"https:\/\/amicsliceu.com\/es\/\",\"logo\":{\"@type\":\"ImageObject\",\"inLanguage\":\"es\",\"@id\":\"https:\/\/amicsliceu.com\/es\/#\/schema\/logo\/image\/\",\"url\":\"http:\/\/amicsliceu.com\/wp-content\/uploads\/2019\/03\/logo.png\",\"contentUrl\":\"http:\/\/amicsliceu.com\/wp-content\/uploads\/2019\/03\/logo.png\",\"width\":225,\"height\":92,\"caption\":\"Amics del Liceu\"},\"image\":{\"@id\":\"https:\/\/amicsliceu.com\/es\/#\/schema\/logo\/image\/\"}},{\"@type\":\"Person\",\"@id\":\"https:\/\/amicsliceu.com\/es\/#\/schema\/person\/85f0597494326deed30f87ce0123b00f\",\"name\":\"amicsdelliceu\",\"image\":{\"@type\":\"ImageObject\",\"inLanguage\":\"es\",\"@id\":\"https:\/\/amicsliceu.com\/es\/#\/schema\/person\/image\/\",\"url\":\"https:\/\/secure.gravatar.com\/avatar\/5020097ee7953cd5faf719e49be1709e?s=96&d=mm&r=g\",\"contentUrl\":\"https:\/\/secure.gravatar.com\/avatar\/5020097ee7953cd5faf719e49be1709e?s=96&d=mm&r=g\",\"caption\":\"amicsdelliceu\"},\"url\":\"https:\/\/amicsliceu.com\/es\/author\/admin\/\"}]}<\/script>\n<!-- \/ Yoast SEO plugin. -->","yoast_head_json":{"title":"Recomendamos\"La Flauta M\u00e1gica\" de Mozart en el Conservatori del Liceu - Amics del Liceu","robots":{"index":"index","follow":"follow","max-snippet":"max-snippet:-1","max-image-preview":"max-image-preview:large","max-video-preview":"max-video-preview:-1"},"canonical":"https:\/\/amicsliceu.com\/es\/recomendamosla-flauta-magica-de-mozart-en-el-conservatori-del-liceu\/","og_locale":"es_ES","og_type":"article","og_title":"Recomendamos\"La Flauta M\u00e1gica\" de Mozart en el Conservatori del Liceu - Amics del Liceu","og_description":"Jueves 15 y viernes 16 de mayo a las 19h Auditorio del Conservatori del Liceu (\u00bfC\u00f3mo llegar?) Precio: 10\u20ac De acuerdo con nuestro compromiso y apoyo con el Conservatori del Liceu, los Amics del Liceu recomendamos la \u00f3pera que los&hellip;","og_url":"https:\/\/amicsliceu.com\/es\/recomendamosla-flauta-magica-de-mozart-en-el-conservatori-del-liceu\/","og_site_name":"Amics del Liceu","article_published_time":"2025-05-08T10:01:03+00:00","og_image":[{"width":950,"height":470,"url":"https:\/\/amicsliceu.com\/wp-content\/uploads\/2025\/05\/la-flauta-magica.jpg","type":"image\/jpeg"}],"author":"amicsdelliceu","twitter_card":"summary_large_image","twitter_misc":{"Escrito por":"amicsdelliceu","Tiempo de lectura":"2 minutos"},"schema":{"@context":"https:\/\/schema.org","@graph":[{"@type":"Article","@id":"https:\/\/amicsliceu.com\/es\/recomendamosla-flauta-magica-de-mozart-en-el-conservatori-del-liceu\/#article","isPartOf":{"@id":"https:\/\/amicsliceu.com\/es\/recomendamosla-flauta-magica-de-mozart-en-el-conservatori-del-liceu\/"},"author":{"name":"amicsdelliceu","@id":"https:\/\/amicsliceu.com\/es\/#\/schema\/person\/85f0597494326deed30f87ce0123b00f"},"headline":"Recomendamos\u00bbLa Flauta M\u00e1gica\u00bb de Mozart en el Conservatori del Liceu","datePublished":"2025-05-08T10:01:03+00:00","dateModified":"2025-05-08T10:01:03+00:00","mainEntityOfPage":{"@id":"https:\/\/amicsliceu.com\/es\/recomendamosla-flauta-magica-de-mozart-en-el-conservatori-del-liceu\/"},"wordCount":212,"publisher":{"@id":"https:\/\/amicsliceu.com\/es\/#organization"},"image":{"@id":"https:\/\/amicsliceu.com\/es\/recomendamosla-flauta-magica-de-mozart-en-el-conservatori-del-liceu\/#primaryimage"},"thumbnailUrl":"https:\/\/amicsliceu.com\/wp-content\/uploads\/2025\/05\/la-flauta-magica.jpg","articleSection":["Not\u00edcias culturales"],"inLanguage":"es"},{"@type":"WebPage","@id":"https:\/\/amicsliceu.com\/es\/recomendamosla-flauta-magica-de-mozart-en-el-conservatori-del-liceu\/","url":"https:\/\/amicsliceu.com\/es\/recomendamosla-flauta-magica-de-mozart-en-el-conservatori-del-liceu\/","name":"Recomendamos\"La Flauta M\u00e1gica\" de Mozart en el Conservatori del Liceu - Amics del Liceu","isPartOf":{"@id":"https:\/\/amicsliceu.com\/es\/#website"},"primaryImageOfPage":{"@id":"https:\/\/amicsliceu.com\/es\/recomendamosla-flauta-magica-de-mozart-en-el-conservatori-del-liceu\/#primaryimage"},"image":{"@id":"https:\/\/amicsliceu.com\/es\/recomendamosla-flauta-magica-de-mozart-en-el-conservatori-del-liceu\/#primaryimage"},"thumbnailUrl":"https:\/\/amicsliceu.com\/wp-content\/uploads\/2025\/05\/la-flauta-magica.jpg","datePublished":"2025-05-08T10:01:03+00:00","dateModified":"2025-05-08T10:01:03+00:00","breadcrumb":{"@id":"https:\/\/amicsliceu.com\/es\/recomendamosla-flauta-magica-de-mozart-en-el-conservatori-del-liceu\/#breadcrumb"},"inLanguage":"es","potentialAction":[{"@type":"ReadAction","target":["https:\/\/amicsliceu.com\/es\/recomendamosla-flauta-magica-de-mozart-en-el-conservatori-del-liceu\/"]}]},{"@type":"ImageObject","inLanguage":"es","@id":"https:\/\/amicsliceu.com\/es\/recomendamosla-flauta-magica-de-mozart-en-el-conservatori-del-liceu\/#primaryimage","url":"https:\/\/amicsliceu.com\/wp-content\/uploads\/2025\/05\/la-flauta-magica.jpg","contentUrl":"https:\/\/amicsliceu.com\/wp-content\/uploads\/2025\/05\/la-flauta-magica.jpg","width":950,"height":470},{"@type":"BreadcrumbList","@id":"https:\/\/amicsliceu.com\/es\/recomendamosla-flauta-magica-de-mozart-en-el-conservatori-del-liceu\/#breadcrumb","itemListElement":[{"@type":"ListItem","position":1,"name":"Inicio","item":"https:\/\/amicsliceu.com\/es\/"},{"@type":"ListItem","position":2,"name":"Recomendamos&#8221;La Flauta M\u00e1gica&#8221; de Mozart en el Conservatori del Liceu"}]},{"@type":"WebSite","@id":"https:\/\/amicsliceu.com\/es\/#website","url":"https:\/\/amicsliceu.com\/es\/","name":"Amics del Liceu","description":"","publisher":{"@id":"https:\/\/amicsliceu.com\/es\/#organization"},"potentialAction":[{"@type":"SearchAction","target":{"@type":"EntryPoint","urlTemplate":"https:\/\/amicsliceu.com\/es\/?s={search_term_string}"},"query-input":{"@type":"PropertyValueSpecification","valueRequired":true,"valueName":"search_term_string"}}],"inLanguage":"es"},{"@type":"Organization","@id":"https:\/\/amicsliceu.com\/es\/#organization","name":"Amics del Liceu","url":"https:\/\/amicsliceu.com\/es\/","logo":{"@type":"ImageObject","inLanguage":"es","@id":"https:\/\/amicsliceu.com\/es\/#\/schema\/logo\/image\/","url":"http:\/\/amicsliceu.com\/wp-content\/uploads\/2019\/03\/logo.png","contentUrl":"http:\/\/amicsliceu.com\/wp-content\/uploads\/2019\/03\/logo.png","width":225,"height":92,"caption":"Amics del Liceu"},"image":{"@id":"https:\/\/amicsliceu.com\/es\/#\/schema\/logo\/image\/"}},{"@type":"Person","@id":"https:\/\/amicsliceu.com\/es\/#\/schema\/person\/85f0597494326deed30f87ce0123b00f","name":"amicsdelliceu","image":{"@type":"ImageObject","inLanguage":"es","@id":"https:\/\/amicsliceu.com\/es\/#\/schema\/person\/image\/","url":"https:\/\/secure.gravatar.com\/avatar\/5020097ee7953cd5faf719e49be1709e?s=96&d=mm&r=g","contentUrl":"https:\/\/secure.gravatar.com\/avatar\/5020097ee7953cd5faf719e49be1709e?s=96&d=mm&r=g","caption":"amicsdelliceu"},"url":"https:\/\/amicsliceu.com\/es\/author\/admin\/"}]}},"views":0,"_links":{"self":[{"href":"https:\/\/amicsliceu.com\/es\/wp-json\/wp\/v2\/posts\/22205"}],"collection":[{"href":"https:\/\/amicsliceu.com\/es\/wp-json\/wp\/v2\/posts"}],"about":[{"href":"https:\/\/amicsliceu.com\/es\/wp-json\/wp\/v2\/types\/post"}],"author":[{"embeddable":true,"href":"https:\/\/amicsliceu.com\/es\/wp-json\/wp\/v2\/users\/1"}],"replies":[{"embeddable":true,"href":"https:\/\/amicsliceu.com\/es\/wp-json\/wp\/v2\/comments?post=22205"}],"version-history":[{"count":2,"href":"https:\/\/amicsliceu.com\/es\/wp-json\/wp\/v2\/posts\/22205\/revisions"}],"predecessor-version":[{"id":22209,"href":"https:\/\/amicsliceu.com\/es\/wp-json\/wp\/v2\/posts\/22205\/revisions\/22209"}],"wp:featuredmedia":[{"embeddable":true,"href":"https:\/\/amicsliceu.com\/es\/wp-json\/wp\/v2\/media\/22202"}],"wp:attachment":[{"href":"https:\/\/amicsliceu.com\/es\/wp-json\/wp\/v2\/media?parent=22205"}],"wp:term":[{"taxonomy":"category","embeddable":true,"href":"https:\/\/amicsliceu.com\/es\/wp-json\/wp\/v2\/categories?post=22205"},{"taxonomy":"post_tag","embeddable":true,"href":"https:\/\/amicsliceu.com\/es\/wp-json\/wp\/v2\/tags?post=22205"}],"curies":[{"name":"wp","href":"https:\/\/api.w.org\/{rel}","templated":true}]}}