{"id":22412,"date":"2025-05-27T08:02:46","date_gmt":"2025-05-27T08:02:46","guid":{"rendered":"https:\/\/amicsliceu.com\/dialeg-amb-william-christie-i-john-hoyland\/"},"modified":"2025-05-27T12:22:28","modified_gmt":"2025-05-27T12:22:28","slug":"dialeg-amb-william-christie-i-john-hoyland","status":"publish","type":"post","link":"https:\/\/amicsliceu.com\/es\/dialeg-amb-william-christie-i-john-hoyland\/","title":{"rendered":"Di\u00e1logo con William Christie y John Hoyland"},"content":{"rendered":"<p><strong>Mi\u00e9rcoles 4 de junio a las 18h<\/strong><br \/>\n<strong>Instituto Franc\u00e9s (<a href=\"https:\/\/www.google.com\/maps\/place\/\/data=!4m2!3m1!1s0x12a4a29bc6face1d:0x8489ce900954da1e?sa=X&amp;ved=1t:8290&amp;ictx=111\">\u00bfC\u00f3mo llegar?<\/a>)<\/strong><br \/>\n<strong>*Actividad en franc\u00e9s<\/strong><br \/>\n<strong>*Actividad gratuita, es necesaria reserva previa<\/strong><\/p>\n<p style=\"text-align: justify;\">Gracias a nuestra colaboraci\u00f3n con el Festival de Perelada, los Amigos del Liceo le proponemos un di\u00e1logo entre<strong> William Christie<\/strong>, reputado director de orquesta y creador del Jardin du Batiment, y John Hoyland, escritor y asesor especializado en jardines. En este di\u00e1logo, que lleva por t\u00edtulo <strong><em>El jard\u00edn, escenario de las artes<\/em><\/strong>, se explorar\u00e1n las posibilidades que tiene el jard\u00edn como espacio esc\u00e9nico creando experiencias sensoriales \u00fanicas partiendo del propio jard\u00edn de Christie, sede de Les Arts Florissants y del festival que se celebra anualmente Dans les Jardins de William Christie, que combina m\u00fasica barroca, jardines y jardines. La conversaci\u00f3n estar\u00e1 moderada por <strong>Maricel Chavarria<\/strong>, periodista de La Vanguardia y Oriol Aguil\u00e0, director del Festival de Perelada. La actividad cuenta con el soporte del Instituto Franc\u00e9s y se llevar\u00e1 a cabo en lengua francesa.<\/p>\n<p>Adem\u00e1s, la Asociaci\u00f3n est\u00e1 preparando un viaje especial al Festival de Perelada del 12 al 14 de julio para asistir a 2 de los espect\u00e1culos del festival, entre ellos el concierto del director William Christie y Les Arts Florissants, un espect\u00e1culo que se enmarca dentro de la gira internacional que celebra el 80 aniversario del director. Puede consultar la informaci\u00f3n <a href=\"https:\/\/amicsliceu.com\/sortida-al-festival-de-perelada-de-l12-al-14-de-juliol\/\">aqu\u00ed<\/a><\/p>\n<p><strong>Para inscribirse en esta actividad, p\u00f3ngase en contacto con la Asociaci\u00f3n: 93 317 73 78 \u2013 natalia@amicsliceu.com\u00a0<\/strong><\/p>\n","protected":false},"excerpt":{"rendered":"<p>Mi\u00e9rcoles 4 de junio a las 18h Instituto Franc\u00e9s (\u00bfC\u00f3mo llegar?) *Actividad en franc\u00e9s *Actividad gratuita, es necesaria reserva previa Gracias a nuestra colaboraci\u00f3n con el Festival de Perelada, los Amigos del Liceo le proponemos un di\u00e1logo entre William Christie,&hellip;<\/p>\n","protected":false},"author":1,"featured_media":22386,"comment_status":"closed","ping_status":"open","sticky":false,"template":"","format":"standard","meta":{"footnotes":""},"categories":[220],"tags":[],"class_list":["post-22412","post","type-post","status-publish","format-standard","has-post-thumbnail","hentry","category-actividades-2024-2025","entry","has-media"],"yoast_head":"<!-- This site is optimized with the Yoast SEO plugin v23.9 - https:\/\/yoast.com\/wordpress\/plugins\/seo\/ -->\n<title>Di\u00e1logo con William Christie y John Hoyland - Amics del Liceu<\/title>\n<meta name=\"robots\" content=\"index, follow, max-snippet:-1, max-image-preview:large, max-video-preview:-1\" \/>\n<link rel=\"canonical\" href=\"https:\/\/amicsliceu.com\/es\/dialeg-amb-william-christie-i-john-hoyland\/\" \/>\n<meta property=\"og:locale\" content=\"es_ES\" \/>\n<meta property=\"og:type\" content=\"article\" \/>\n<meta property=\"og:title\" content=\"Di\u00e1logo con William Christie y John Hoyland - Amics del Liceu\" \/>\n<meta property=\"og:description\" content=\"Mi\u00e9rcoles 4 de junio a las 18h Instituto Franc\u00e9s (\u00bfC\u00f3mo llegar?) *Actividad en franc\u00e9s *Actividad gratuita, es necesaria reserva previa Gracias a nuestra colaboraci\u00f3n con el Festival de Perelada, los Amigos del Liceo le proponemos un di\u00e1logo entre William Christie,&hellip;\" \/>\n<meta property=\"og:url\" content=\"https:\/\/amicsliceu.com\/es\/dialeg-amb-william-christie-i-john-hoyland\/\" \/>\n<meta property=\"og:site_name\" content=\"Amics del Liceu\" \/>\n<meta property=\"article:published_time\" content=\"2025-05-27T08:02:46+00:00\" \/>\n<meta property=\"article:modified_time\" content=\"2025-05-27T12:22:28+00:00\" \/>\n<meta property=\"og:image\" content=\"https:\/\/amicsliceu.com\/wp-content\/uploads\/2025\/05\/Perelada_estiu.jpg\" \/>\n\t<meta property=\"og:image:width\" content=\"427\" \/>\n\t<meta property=\"og:image:height\" content=\"313\" \/>\n\t<meta property=\"og:image:type\" content=\"image\/jpeg\" \/>\n<meta name=\"author\" content=\"amicsdelliceu\" \/>\n<meta name=\"twitter:card\" content=\"summary_large_image\" \/>\n<meta name=\"twitter:label1\" content=\"Escrito por\" \/>\n\t<meta name=\"twitter:data1\" content=\"amicsdelliceu\" \/>\n\t<meta name=\"twitter:label2\" content=\"Tiempo de lectura\" \/>\n\t<meta name=\"twitter:data2\" content=\"2 minutos\" \/>\n<script type=\"application\/ld+json\" class=\"yoast-schema-graph\">{\"@context\":\"https:\/\/schema.org\",\"@graph\":[{\"@type\":\"Article\",\"@id\":\"https:\/\/amicsliceu.com\/es\/dialeg-amb-william-christie-i-john-hoyland\/#article\",\"isPartOf\":{\"@id\":\"https:\/\/amicsliceu.com\/es\/dialeg-amb-william-christie-i-john-hoyland\/\"},\"author\":{\"name\":\"amicsdelliceu\",\"@id\":\"https:\/\/amicsliceu.com\/es\/#\/schema\/person\/85f0597494326deed30f87ce0123b00f\"},\"headline\":\"Di\u00e1logo con William Christie y John Hoyland\",\"datePublished\":\"2025-05-27T08:02:46+00:00\",\"dateModified\":\"2025-05-27T12:22:28+00:00\",\"mainEntityOfPage\":{\"@id\":\"https:\/\/amicsliceu.com\/es\/dialeg-amb-william-christie-i-john-hoyland\/\"},\"wordCount\":255,\"publisher\":{\"@id\":\"https:\/\/amicsliceu.com\/es\/#organization\"},\"image\":{\"@id\":\"https:\/\/amicsliceu.com\/es\/dialeg-amb-william-christie-i-john-hoyland\/#primaryimage\"},\"thumbnailUrl\":\"https:\/\/amicsliceu.com\/wp-content\/uploads\/2025\/05\/Perelada_estiu.jpg\",\"articleSection\":[\"Actividades 2024-2025\"],\"inLanguage\":\"es\"},{\"@type\":\"WebPage\",\"@id\":\"https:\/\/amicsliceu.com\/es\/dialeg-amb-william-christie-i-john-hoyland\/\",\"url\":\"https:\/\/amicsliceu.com\/es\/dialeg-amb-william-christie-i-john-hoyland\/\",\"name\":\"Di\u00e1logo con William Christie y John Hoyland - Amics del Liceu\",\"isPartOf\":{\"@id\":\"https:\/\/amicsliceu.com\/es\/#website\"},\"primaryImageOfPage\":{\"@id\":\"https:\/\/amicsliceu.com\/es\/dialeg-amb-william-christie-i-john-hoyland\/#primaryimage\"},\"image\":{\"@id\":\"https:\/\/amicsliceu.com\/es\/dialeg-amb-william-christie-i-john-hoyland\/#primaryimage\"},\"thumbnailUrl\":\"https:\/\/amicsliceu.com\/wp-content\/uploads\/2025\/05\/Perelada_estiu.jpg\",\"datePublished\":\"2025-05-27T08:02:46+00:00\",\"dateModified\":\"2025-05-27T12:22:28+00:00\",\"breadcrumb\":{\"@id\":\"https:\/\/amicsliceu.com\/es\/dialeg-amb-william-christie-i-john-hoyland\/#breadcrumb\"},\"inLanguage\":\"es\",\"potentialAction\":[{\"@type\":\"ReadAction\",\"target\":[\"https:\/\/amicsliceu.com\/es\/dialeg-amb-william-christie-i-john-hoyland\/\"]}]},{\"@type\":\"ImageObject\",\"inLanguage\":\"es\",\"@id\":\"https:\/\/amicsliceu.com\/es\/dialeg-amb-william-christie-i-john-hoyland\/#primaryimage\",\"url\":\"https:\/\/amicsliceu.com\/wp-content\/uploads\/2025\/05\/Perelada_estiu.jpg\",\"contentUrl\":\"https:\/\/amicsliceu.com\/wp-content\/uploads\/2025\/05\/Perelada_estiu.jpg\",\"width\":427,\"height\":313},{\"@type\":\"BreadcrumbList\",\"@id\":\"https:\/\/amicsliceu.com\/es\/dialeg-amb-william-christie-i-john-hoyland\/#breadcrumb\",\"itemListElement\":[{\"@type\":\"ListItem\",\"position\":1,\"name\":\"Inicio\",\"item\":\"https:\/\/amicsliceu.com\/es\/\"},{\"@type\":\"ListItem\",\"position\":2,\"name\":\"Di\u00e1logo con William Christie y John Hoyland\"}]},{\"@type\":\"WebSite\",\"@id\":\"https:\/\/amicsliceu.com\/es\/#website\",\"url\":\"https:\/\/amicsliceu.com\/es\/\",\"name\":\"Amics del Liceu\",\"description\":\"\",\"publisher\":{\"@id\":\"https:\/\/amicsliceu.com\/es\/#organization\"},\"potentialAction\":[{\"@type\":\"SearchAction\",\"target\":{\"@type\":\"EntryPoint\",\"urlTemplate\":\"https:\/\/amicsliceu.com\/es\/?s={search_term_string}\"},\"query-input\":{\"@type\":\"PropertyValueSpecification\",\"valueRequired\":true,\"valueName\":\"search_term_string\"}}],\"inLanguage\":\"es\"},{\"@type\":\"Organization\",\"@id\":\"https:\/\/amicsliceu.com\/es\/#organization\",\"name\":\"Amics del Liceu\",\"url\":\"https:\/\/amicsliceu.com\/es\/\",\"logo\":{\"@type\":\"ImageObject\",\"inLanguage\":\"es\",\"@id\":\"https:\/\/amicsliceu.com\/es\/#\/schema\/logo\/image\/\",\"url\":\"http:\/\/amicsliceu.com\/wp-content\/uploads\/2019\/03\/logo.png\",\"contentUrl\":\"http:\/\/amicsliceu.com\/wp-content\/uploads\/2019\/03\/logo.png\",\"width\":225,\"height\":92,\"caption\":\"Amics del Liceu\"},\"image\":{\"@id\":\"https:\/\/amicsliceu.com\/es\/#\/schema\/logo\/image\/\"}},{\"@type\":\"Person\",\"@id\":\"https:\/\/amicsliceu.com\/es\/#\/schema\/person\/85f0597494326deed30f87ce0123b00f\",\"name\":\"amicsdelliceu\",\"image\":{\"@type\":\"ImageObject\",\"inLanguage\":\"es\",\"@id\":\"https:\/\/amicsliceu.com\/es\/#\/schema\/person\/image\/\",\"url\":\"https:\/\/secure.gravatar.com\/avatar\/5020097ee7953cd5faf719e49be1709e?s=96&d=mm&r=g\",\"contentUrl\":\"https:\/\/secure.gravatar.com\/avatar\/5020097ee7953cd5faf719e49be1709e?s=96&d=mm&r=g\",\"caption\":\"amicsdelliceu\"},\"url\":\"https:\/\/amicsliceu.com\/es\/author\/admin\/\"}]}<\/script>\n<!-- \/ Yoast SEO plugin. -->","yoast_head_json":{"title":"Di\u00e1logo con William Christie y John Hoyland - Amics del Liceu","robots":{"index":"index","follow":"follow","max-snippet":"max-snippet:-1","max-image-preview":"max-image-preview:large","max-video-preview":"max-video-preview:-1"},"canonical":"https:\/\/amicsliceu.com\/es\/dialeg-amb-william-christie-i-john-hoyland\/","og_locale":"es_ES","og_type":"article","og_title":"Di\u00e1logo con William Christie y John Hoyland - Amics del Liceu","og_description":"Mi\u00e9rcoles 4 de junio a las 18h Instituto Franc\u00e9s (\u00bfC\u00f3mo llegar?) *Actividad en franc\u00e9s *Actividad gratuita, es necesaria reserva previa Gracias a nuestra colaboraci\u00f3n con el Festival de Perelada, los Amigos del Liceo le proponemos un di\u00e1logo entre William Christie,&hellip;","og_url":"https:\/\/amicsliceu.com\/es\/dialeg-amb-william-christie-i-john-hoyland\/","og_site_name":"Amics del Liceu","article_published_time":"2025-05-27T08:02:46+00:00","article_modified_time":"2025-05-27T12:22:28+00:00","og_image":[{"width":427,"height":313,"url":"https:\/\/amicsliceu.com\/wp-content\/uploads\/2025\/05\/Perelada_estiu.jpg","type":"image\/jpeg"}],"author":"amicsdelliceu","twitter_card":"summary_large_image","twitter_misc":{"Escrito por":"amicsdelliceu","Tiempo de lectura":"2 minutos"},"schema":{"@context":"https:\/\/schema.org","@graph":[{"@type":"Article","@id":"https:\/\/amicsliceu.com\/es\/dialeg-amb-william-christie-i-john-hoyland\/#article","isPartOf":{"@id":"https:\/\/amicsliceu.com\/es\/dialeg-amb-william-christie-i-john-hoyland\/"},"author":{"name":"amicsdelliceu","@id":"https:\/\/amicsliceu.com\/es\/#\/schema\/person\/85f0597494326deed30f87ce0123b00f"},"headline":"Di\u00e1logo con William Christie y John Hoyland","datePublished":"2025-05-27T08:02:46+00:00","dateModified":"2025-05-27T12:22:28+00:00","mainEntityOfPage":{"@id":"https:\/\/amicsliceu.com\/es\/dialeg-amb-william-christie-i-john-hoyland\/"},"wordCount":255,"publisher":{"@id":"https:\/\/amicsliceu.com\/es\/#organization"},"image":{"@id":"https:\/\/amicsliceu.com\/es\/dialeg-amb-william-christie-i-john-hoyland\/#primaryimage"},"thumbnailUrl":"https:\/\/amicsliceu.com\/wp-content\/uploads\/2025\/05\/Perelada_estiu.jpg","articleSection":["Actividades 2024-2025"],"inLanguage":"es"},{"@type":"WebPage","@id":"https:\/\/amicsliceu.com\/es\/dialeg-amb-william-christie-i-john-hoyland\/","url":"https:\/\/amicsliceu.com\/es\/dialeg-amb-william-christie-i-john-hoyland\/","name":"Di\u00e1logo con William Christie y John Hoyland - Amics del Liceu","isPartOf":{"@id":"https:\/\/amicsliceu.com\/es\/#website"},"primaryImageOfPage":{"@id":"https:\/\/amicsliceu.com\/es\/dialeg-amb-william-christie-i-john-hoyland\/#primaryimage"},"image":{"@id":"https:\/\/amicsliceu.com\/es\/dialeg-amb-william-christie-i-john-hoyland\/#primaryimage"},"thumbnailUrl":"https:\/\/amicsliceu.com\/wp-content\/uploads\/2025\/05\/Perelada_estiu.jpg","datePublished":"2025-05-27T08:02:46+00:00","dateModified":"2025-05-27T12:22:28+00:00","breadcrumb":{"@id":"https:\/\/amicsliceu.com\/es\/dialeg-amb-william-christie-i-john-hoyland\/#breadcrumb"},"inLanguage":"es","potentialAction":[{"@type":"ReadAction","target":["https:\/\/amicsliceu.com\/es\/dialeg-amb-william-christie-i-john-hoyland\/"]}]},{"@type":"ImageObject","inLanguage":"es","@id":"https:\/\/amicsliceu.com\/es\/dialeg-amb-william-christie-i-john-hoyland\/#primaryimage","url":"https:\/\/amicsliceu.com\/wp-content\/uploads\/2025\/05\/Perelada_estiu.jpg","contentUrl":"https:\/\/amicsliceu.com\/wp-content\/uploads\/2025\/05\/Perelada_estiu.jpg","width":427,"height":313},{"@type":"BreadcrumbList","@id":"https:\/\/amicsliceu.com\/es\/dialeg-amb-william-christie-i-john-hoyland\/#breadcrumb","itemListElement":[{"@type":"ListItem","position":1,"name":"Inicio","item":"https:\/\/amicsliceu.com\/es\/"},{"@type":"ListItem","position":2,"name":"Di\u00e1logo con William Christie y John Hoyland"}]},{"@type":"WebSite","@id":"https:\/\/amicsliceu.com\/es\/#website","url":"https:\/\/amicsliceu.com\/es\/","name":"Amics del Liceu","description":"","publisher":{"@id":"https:\/\/amicsliceu.com\/es\/#organization"},"potentialAction":[{"@type":"SearchAction","target":{"@type":"EntryPoint","urlTemplate":"https:\/\/amicsliceu.com\/es\/?s={search_term_string}"},"query-input":{"@type":"PropertyValueSpecification","valueRequired":true,"valueName":"search_term_string"}}],"inLanguage":"es"},{"@type":"Organization","@id":"https:\/\/amicsliceu.com\/es\/#organization","name":"Amics del Liceu","url":"https:\/\/amicsliceu.com\/es\/","logo":{"@type":"ImageObject","inLanguage":"es","@id":"https:\/\/amicsliceu.com\/es\/#\/schema\/logo\/image\/","url":"http:\/\/amicsliceu.com\/wp-content\/uploads\/2019\/03\/logo.png","contentUrl":"http:\/\/amicsliceu.com\/wp-content\/uploads\/2019\/03\/logo.png","width":225,"height":92,"caption":"Amics del Liceu"},"image":{"@id":"https:\/\/amicsliceu.com\/es\/#\/schema\/logo\/image\/"}},{"@type":"Person","@id":"https:\/\/amicsliceu.com\/es\/#\/schema\/person\/85f0597494326deed30f87ce0123b00f","name":"amicsdelliceu","image":{"@type":"ImageObject","inLanguage":"es","@id":"https:\/\/amicsliceu.com\/es\/#\/schema\/person\/image\/","url":"https:\/\/secure.gravatar.com\/avatar\/5020097ee7953cd5faf719e49be1709e?s=96&d=mm&r=g","contentUrl":"https:\/\/secure.gravatar.com\/avatar\/5020097ee7953cd5faf719e49be1709e?s=96&d=mm&r=g","caption":"amicsdelliceu"},"url":"https:\/\/amicsliceu.com\/es\/author\/admin\/"}]}},"views":5,"_links":{"self":[{"href":"https:\/\/amicsliceu.com\/es\/wp-json\/wp\/v2\/posts\/22412"}],"collection":[{"href":"https:\/\/amicsliceu.com\/es\/wp-json\/wp\/v2\/posts"}],"about":[{"href":"https:\/\/amicsliceu.com\/es\/wp-json\/wp\/v2\/types\/post"}],"author":[{"embeddable":true,"href":"https:\/\/amicsliceu.com\/es\/wp-json\/wp\/v2\/users\/1"}],"replies":[{"embeddable":true,"href":"https:\/\/amicsliceu.com\/es\/wp-json\/wp\/v2\/comments?post=22412"}],"version-history":[{"count":2,"href":"https:\/\/amicsliceu.com\/es\/wp-json\/wp\/v2\/posts\/22412\/revisions"}],"predecessor-version":[{"id":22414,"href":"https:\/\/amicsliceu.com\/es\/wp-json\/wp\/v2\/posts\/22412\/revisions\/22414"}],"wp:featuredmedia":[{"embeddable":true,"href":"https:\/\/amicsliceu.com\/es\/wp-json\/wp\/v2\/media\/22386"}],"wp:attachment":[{"href":"https:\/\/amicsliceu.com\/es\/wp-json\/wp\/v2\/media?parent=22412"}],"wp:term":[{"taxonomy":"category","embeddable":true,"href":"https:\/\/amicsliceu.com\/es\/wp-json\/wp\/v2\/categories?post=22412"},{"taxonomy":"post_tag","embeddable":true,"href":"https:\/\/amicsliceu.com\/es\/wp-json\/wp\/v2\/tags?post=22412"}],"curies":[{"name":"wp","href":"https:\/\/api.w.org\/{rel}","templated":true}]}}