{"id":23214,"date":"2025-10-16T10:36:30","date_gmt":"2025-10-16T10:36:30","guid":{"rendered":"https:\/\/amicsliceu.com\/suplement-opera-actual\/"},"modified":"2025-10-16T14:25:11","modified_gmt":"2025-10-16T14:25:11","slug":"suplement-opera-actual","status":"publish","type":"post","link":"https:\/\/amicsliceu.com\/es\/suplement-opera-actual\/","title":{"rendered":"Suplement \u00d3pera Actual"},"content":{"rendered":"<p style=\"text-align: justify;\" data-start=\"0\" data-end=\"459\">Por cortes\u00eda de la revista <em data-start=\"27\" data-end=\"41\">\u00d3pera Actual<\/em>, los socios de <em data-start=\"57\" data-end=\"74\">Amics del Liceu<\/em> pueden acceder de forma gratuita al suplemento especial que la revista public\u00f3 el pasado mes de septiembre, en el que se recoge la programaci\u00f3n de la temporada 2025-2026 de los distintos teatros del Estado espa\u00f1ol. Desde la Asociaci\u00f3n seguimos de cerca esta actualidad para organizar viajes all\u00ed donde consideremos que se presenta un t\u00edtulo de inter\u00e9s para nuestros Amigos y Amigas.<\/p>\n<p data-start=\"461\" data-end=\"514\" data-is-last-node=\"\" data-is-only-node=\"\">Para consultar el suplemento, pod\u00e9is hacer clic<a href=\"https:\/\/heyzine.com\/flip-book\/9a312bd9be.html\"> aqu\u00ed.<\/a><\/p>\n","protected":false},"excerpt":{"rendered":"<p>Por cortes\u00eda de la revista \u00d3pera Actual, los socios de Amics del Liceu pueden acceder de forma gratuita al suplemento especial que la revista public\u00f3 el pasado mes de septiembre, en el que se recoge la programaci\u00f3n de la temporada&hellip;<\/p>\n","protected":false},"author":1,"featured_media":23308,"comment_status":"closed","ping_status":"open","sticky":false,"template":"","format":"standard","meta":{"footnotes":""},"categories":[297,288,62],"tags":[],"class_list":["post-23214","post","type-post","status-publish","format-standard","has-post-thumbnail","hentry","category-amics-recomana-octubre-25-es","category-amics-recomana-juny-25-es","category-noticias-culturales","entry","has-media"],"yoast_head":"<!-- This site is optimized with the Yoast SEO plugin v23.9 - https:\/\/yoast.com\/wordpress\/plugins\/seo\/ -->\n<title>Suplement \u00d3pera Actual - Amics del Liceu<\/title>\n<meta name=\"robots\" content=\"index, follow, max-snippet:-1, max-image-preview:large, max-video-preview:-1\" \/>\n<link rel=\"canonical\" href=\"https:\/\/amicsliceu.com\/es\/suplement-opera-actual\/\" \/>\n<meta property=\"og:locale\" content=\"es_ES\" \/>\n<meta property=\"og:type\" content=\"article\" \/>\n<meta property=\"og:title\" content=\"Suplement \u00d3pera Actual - Amics del Liceu\" \/>\n<meta property=\"og:description\" content=\"Por cortes\u00eda de la revista \u00d3pera Actual, los socios de Amics del Liceu pueden acceder de forma gratuita al suplemento especial que la revista public\u00f3 el pasado mes de septiembre, en el que se recoge la programaci\u00f3n de la temporada&hellip;\" \/>\n<meta property=\"og:url\" content=\"https:\/\/amicsliceu.com\/es\/suplement-opera-actual\/\" \/>\n<meta property=\"og:site_name\" content=\"Amics del Liceu\" \/>\n<meta property=\"article:published_time\" content=\"2025-10-16T10:36:30+00:00\" \/>\n<meta property=\"article:modified_time\" content=\"2025-10-16T14:25:11+00:00\" \/>\n<meta property=\"og:image\" content=\"https:\/\/amicsliceu.com\/wp-content\/uploads\/2025\/10\/OperaActual-e1760616436330.jpg\" \/>\n\t<meta property=\"og:image:width\" content=\"373\" \/>\n\t<meta property=\"og:image:height\" content=\"530\" \/>\n\t<meta property=\"og:image:type\" content=\"image\/jpeg\" \/>\n<meta name=\"author\" content=\"amicsdelliceu\" \/>\n<meta name=\"twitter:card\" content=\"summary_large_image\" \/>\n<meta name=\"twitter:label1\" content=\"Escrito por\" \/>\n\t<meta name=\"twitter:data1\" content=\"amicsdelliceu\" \/>\n\t<meta name=\"twitter:label2\" content=\"Tiempo de lectura\" \/>\n\t<meta name=\"twitter:data2\" content=\"1 minuto\" \/>\n<script type=\"application\/ld+json\" class=\"yoast-schema-graph\">{\"@context\":\"https:\/\/schema.org\",\"@graph\":[{\"@type\":\"Article\",\"@id\":\"https:\/\/amicsliceu.com\/es\/suplement-opera-actual\/#article\",\"isPartOf\":{\"@id\":\"https:\/\/amicsliceu.com\/es\/suplement-opera-actual\/\"},\"author\":{\"name\":\"amicsdelliceu\",\"@id\":\"https:\/\/amicsliceu.com\/es\/#\/schema\/person\/85f0597494326deed30f87ce0123b00f\"},\"headline\":\"Suplement \u00d3pera Actual\",\"datePublished\":\"2025-10-16T10:36:30+00:00\",\"dateModified\":\"2025-10-16T14:25:11+00:00\",\"mainEntityOfPage\":{\"@id\":\"https:\/\/amicsliceu.com\/es\/suplement-opera-actual\/\"},\"wordCount\":92,\"publisher\":{\"@id\":\"https:\/\/amicsliceu.com\/es\/#organization\"},\"image\":{\"@id\":\"https:\/\/amicsliceu.com\/es\/suplement-opera-actual\/#primaryimage\"},\"thumbnailUrl\":\"https:\/\/amicsliceu.com\/wp-content\/uploads\/2025\/10\/detatll-portada-OperaActual.jpg\",\"articleSection\":[\"Amics recomana octubre 25\",\"Amics recomana juny 25\",\"Not\u00edcias culturales\"],\"inLanguage\":\"es\"},{\"@type\":\"WebPage\",\"@id\":\"https:\/\/amicsliceu.com\/es\/suplement-opera-actual\/\",\"url\":\"https:\/\/amicsliceu.com\/es\/suplement-opera-actual\/\",\"name\":\"Suplement \u00d3pera Actual - Amics del Liceu\",\"isPartOf\":{\"@id\":\"https:\/\/amicsliceu.com\/es\/#website\"},\"primaryImageOfPage\":{\"@id\":\"https:\/\/amicsliceu.com\/es\/suplement-opera-actual\/#primaryimage\"},\"image\":{\"@id\":\"https:\/\/amicsliceu.com\/es\/suplement-opera-actual\/#primaryimage\"},\"thumbnailUrl\":\"https:\/\/amicsliceu.com\/wp-content\/uploads\/2025\/10\/detatll-portada-OperaActual.jpg\",\"datePublished\":\"2025-10-16T10:36:30+00:00\",\"dateModified\":\"2025-10-16T14:25:11+00:00\",\"breadcrumb\":{\"@id\":\"https:\/\/amicsliceu.com\/es\/suplement-opera-actual\/#breadcrumb\"},\"inLanguage\":\"es\",\"potentialAction\":[{\"@type\":\"ReadAction\",\"target\":[\"https:\/\/amicsliceu.com\/es\/suplement-opera-actual\/\"]}]},{\"@type\":\"ImageObject\",\"inLanguage\":\"es\",\"@id\":\"https:\/\/amicsliceu.com\/es\/suplement-opera-actual\/#primaryimage\",\"url\":\"https:\/\/amicsliceu.com\/wp-content\/uploads\/2025\/10\/detatll-portada-OperaActual.jpg\",\"contentUrl\":\"https:\/\/amicsliceu.com\/wp-content\/uploads\/2025\/10\/detatll-portada-OperaActual.jpg\",\"width\":827,\"height\":550},{\"@type\":\"BreadcrumbList\",\"@id\":\"https:\/\/amicsliceu.com\/es\/suplement-opera-actual\/#breadcrumb\",\"itemListElement\":[{\"@type\":\"ListItem\",\"position\":1,\"name\":\"Inicio\",\"item\":\"https:\/\/amicsliceu.com\/es\/\"},{\"@type\":\"ListItem\",\"position\":2,\"name\":\"Suplement \u00d3pera Actual\"}]},{\"@type\":\"WebSite\",\"@id\":\"https:\/\/amicsliceu.com\/es\/#website\",\"url\":\"https:\/\/amicsliceu.com\/es\/\",\"name\":\"Amics del Liceu\",\"description\":\"\",\"publisher\":{\"@id\":\"https:\/\/amicsliceu.com\/es\/#organization\"},\"potentialAction\":[{\"@type\":\"SearchAction\",\"target\":{\"@type\":\"EntryPoint\",\"urlTemplate\":\"https:\/\/amicsliceu.com\/es\/?s={search_term_string}\"},\"query-input\":{\"@type\":\"PropertyValueSpecification\",\"valueRequired\":true,\"valueName\":\"search_term_string\"}}],\"inLanguage\":\"es\"},{\"@type\":\"Organization\",\"@id\":\"https:\/\/amicsliceu.com\/es\/#organization\",\"name\":\"Amics del Liceu\",\"url\":\"https:\/\/amicsliceu.com\/es\/\",\"logo\":{\"@type\":\"ImageObject\",\"inLanguage\":\"es\",\"@id\":\"https:\/\/amicsliceu.com\/es\/#\/schema\/logo\/image\/\",\"url\":\"http:\/\/amicsliceu.com\/wp-content\/uploads\/2019\/03\/logo.png\",\"contentUrl\":\"http:\/\/amicsliceu.com\/wp-content\/uploads\/2019\/03\/logo.png\",\"width\":225,\"height\":92,\"caption\":\"Amics del Liceu\"},\"image\":{\"@id\":\"https:\/\/amicsliceu.com\/es\/#\/schema\/logo\/image\/\"}},{\"@type\":\"Person\",\"@id\":\"https:\/\/amicsliceu.com\/es\/#\/schema\/person\/85f0597494326deed30f87ce0123b00f\",\"name\":\"amicsdelliceu\",\"image\":{\"@type\":\"ImageObject\",\"inLanguage\":\"es\",\"@id\":\"https:\/\/amicsliceu.com\/es\/#\/schema\/person\/image\/\",\"url\":\"https:\/\/secure.gravatar.com\/avatar\/5020097ee7953cd5faf719e49be1709e?s=96&d=mm&r=g\",\"contentUrl\":\"https:\/\/secure.gravatar.com\/avatar\/5020097ee7953cd5faf719e49be1709e?s=96&d=mm&r=g\",\"caption\":\"amicsdelliceu\"},\"url\":\"https:\/\/amicsliceu.com\/es\/author\/admin\/\"}]}<\/script>\n<!-- \/ Yoast SEO plugin. -->","yoast_head_json":{"title":"Suplement \u00d3pera Actual - Amics del Liceu","robots":{"index":"index","follow":"follow","max-snippet":"max-snippet:-1","max-image-preview":"max-image-preview:large","max-video-preview":"max-video-preview:-1"},"canonical":"https:\/\/amicsliceu.com\/es\/suplement-opera-actual\/","og_locale":"es_ES","og_type":"article","og_title":"Suplement \u00d3pera Actual - Amics del Liceu","og_description":"Por cortes\u00eda de la revista \u00d3pera Actual, los socios de Amics del Liceu pueden acceder de forma gratuita al suplemento especial que la revista public\u00f3 el pasado mes de septiembre, en el que se recoge la programaci\u00f3n de la temporada&hellip;","og_url":"https:\/\/amicsliceu.com\/es\/suplement-opera-actual\/","og_site_name":"Amics del Liceu","article_published_time":"2025-10-16T10:36:30+00:00","article_modified_time":"2025-10-16T14:25:11+00:00","og_image":[{"width":373,"height":530,"url":"https:\/\/amicsliceu.com\/wp-content\/uploads\/2025\/10\/OperaActual-e1760616436330.jpg","type":"image\/jpeg"}],"author":"amicsdelliceu","twitter_card":"summary_large_image","twitter_misc":{"Escrito por":"amicsdelliceu","Tiempo de lectura":"1 minuto"},"schema":{"@context":"https:\/\/schema.org","@graph":[{"@type":"Article","@id":"https:\/\/amicsliceu.com\/es\/suplement-opera-actual\/#article","isPartOf":{"@id":"https:\/\/amicsliceu.com\/es\/suplement-opera-actual\/"},"author":{"name":"amicsdelliceu","@id":"https:\/\/amicsliceu.com\/es\/#\/schema\/person\/85f0597494326deed30f87ce0123b00f"},"headline":"Suplement \u00d3pera Actual","datePublished":"2025-10-16T10:36:30+00:00","dateModified":"2025-10-16T14:25:11+00:00","mainEntityOfPage":{"@id":"https:\/\/amicsliceu.com\/es\/suplement-opera-actual\/"},"wordCount":92,"publisher":{"@id":"https:\/\/amicsliceu.com\/es\/#organization"},"image":{"@id":"https:\/\/amicsliceu.com\/es\/suplement-opera-actual\/#primaryimage"},"thumbnailUrl":"https:\/\/amicsliceu.com\/wp-content\/uploads\/2025\/10\/detatll-portada-OperaActual.jpg","articleSection":["Amics recomana octubre 25","Amics recomana juny 25","Not\u00edcias culturales"],"inLanguage":"es"},{"@type":"WebPage","@id":"https:\/\/amicsliceu.com\/es\/suplement-opera-actual\/","url":"https:\/\/amicsliceu.com\/es\/suplement-opera-actual\/","name":"Suplement \u00d3pera Actual - Amics del Liceu","isPartOf":{"@id":"https:\/\/amicsliceu.com\/es\/#website"},"primaryImageOfPage":{"@id":"https:\/\/amicsliceu.com\/es\/suplement-opera-actual\/#primaryimage"},"image":{"@id":"https:\/\/amicsliceu.com\/es\/suplement-opera-actual\/#primaryimage"},"thumbnailUrl":"https:\/\/amicsliceu.com\/wp-content\/uploads\/2025\/10\/detatll-portada-OperaActual.jpg","datePublished":"2025-10-16T10:36:30+00:00","dateModified":"2025-10-16T14:25:11+00:00","breadcrumb":{"@id":"https:\/\/amicsliceu.com\/es\/suplement-opera-actual\/#breadcrumb"},"inLanguage":"es","potentialAction":[{"@type":"ReadAction","target":["https:\/\/amicsliceu.com\/es\/suplement-opera-actual\/"]}]},{"@type":"ImageObject","inLanguage":"es","@id":"https:\/\/amicsliceu.com\/es\/suplement-opera-actual\/#primaryimage","url":"https:\/\/amicsliceu.com\/wp-content\/uploads\/2025\/10\/detatll-portada-OperaActual.jpg","contentUrl":"https:\/\/amicsliceu.com\/wp-content\/uploads\/2025\/10\/detatll-portada-OperaActual.jpg","width":827,"height":550},{"@type":"BreadcrumbList","@id":"https:\/\/amicsliceu.com\/es\/suplement-opera-actual\/#breadcrumb","itemListElement":[{"@type":"ListItem","position":1,"name":"Inicio","item":"https:\/\/amicsliceu.com\/es\/"},{"@type":"ListItem","position":2,"name":"Suplement \u00d3pera Actual"}]},{"@type":"WebSite","@id":"https:\/\/amicsliceu.com\/es\/#website","url":"https:\/\/amicsliceu.com\/es\/","name":"Amics del Liceu","description":"","publisher":{"@id":"https:\/\/amicsliceu.com\/es\/#organization"},"potentialAction":[{"@type":"SearchAction","target":{"@type":"EntryPoint","urlTemplate":"https:\/\/amicsliceu.com\/es\/?s={search_term_string}"},"query-input":{"@type":"PropertyValueSpecification","valueRequired":true,"valueName":"search_term_string"}}],"inLanguage":"es"},{"@type":"Organization","@id":"https:\/\/amicsliceu.com\/es\/#organization","name":"Amics del Liceu","url":"https:\/\/amicsliceu.com\/es\/","logo":{"@type":"ImageObject","inLanguage":"es","@id":"https:\/\/amicsliceu.com\/es\/#\/schema\/logo\/image\/","url":"http:\/\/amicsliceu.com\/wp-content\/uploads\/2019\/03\/logo.png","contentUrl":"http:\/\/amicsliceu.com\/wp-content\/uploads\/2019\/03\/logo.png","width":225,"height":92,"caption":"Amics del Liceu"},"image":{"@id":"https:\/\/amicsliceu.com\/es\/#\/schema\/logo\/image\/"}},{"@type":"Person","@id":"https:\/\/amicsliceu.com\/es\/#\/schema\/person\/85f0597494326deed30f87ce0123b00f","name":"amicsdelliceu","image":{"@type":"ImageObject","inLanguage":"es","@id":"https:\/\/amicsliceu.com\/es\/#\/schema\/person\/image\/","url":"https:\/\/secure.gravatar.com\/avatar\/5020097ee7953cd5faf719e49be1709e?s=96&d=mm&r=g","contentUrl":"https:\/\/secure.gravatar.com\/avatar\/5020097ee7953cd5faf719e49be1709e?s=96&d=mm&r=g","caption":"amicsdelliceu"},"url":"https:\/\/amicsliceu.com\/es\/author\/admin\/"}]}},"views":0,"_links":{"self":[{"href":"https:\/\/amicsliceu.com\/es\/wp-json\/wp\/v2\/posts\/23214"}],"collection":[{"href":"https:\/\/amicsliceu.com\/es\/wp-json\/wp\/v2\/posts"}],"about":[{"href":"https:\/\/amicsliceu.com\/es\/wp-json\/wp\/v2\/types\/post"}],"author":[{"embeddable":true,"href":"https:\/\/amicsliceu.com\/es\/wp-json\/wp\/v2\/users\/1"}],"replies":[{"embeddable":true,"href":"https:\/\/amicsliceu.com\/es\/wp-json\/wp\/v2\/comments?post=23214"}],"version-history":[{"count":1,"href":"https:\/\/amicsliceu.com\/es\/wp-json\/wp\/v2\/posts\/23214\/revisions"}],"predecessor-version":[{"id":23215,"href":"https:\/\/amicsliceu.com\/es\/wp-json\/wp\/v2\/posts\/23214\/revisions\/23215"}],"wp:featuredmedia":[{"embeddable":true,"href":"https:\/\/amicsliceu.com\/es\/wp-json\/wp\/v2\/media\/23308"}],"wp:attachment":[{"href":"https:\/\/amicsliceu.com\/es\/wp-json\/wp\/v2\/media?parent=23214"}],"wp:term":[{"taxonomy":"category","embeddable":true,"href":"https:\/\/amicsliceu.com\/es\/wp-json\/wp\/v2\/categories?post=23214"},{"taxonomy":"post_tag","embeddable":true,"href":"https:\/\/amicsliceu.com\/es\/wp-json\/wp\/v2\/tags?post=23214"}],"curies":[{"name":"wp","href":"https:\/\/api.w.org\/{rel}","templated":true}]}}