{"id":24389,"date":"2026-03-16T11:47:20","date_gmt":"2026-03-16T11:47:20","guid":{"rendered":"https:\/\/amicsliceu.com\/concert-benefic-de-la-pianista-ucrainesa-anna-fedorova\/"},"modified":"2026-03-18T11:53:42","modified_gmt":"2026-03-18T11:53:42","slug":"concert-benefic-de-la-pianista-ucrainesa-anna-fedorova","status":"publish","type":"post","link":"https:\/\/amicsliceu.com\/es\/concert-benefic-de-la-pianista-ucrainesa-anna-fedorova\/","title":{"rendered":"Concierto ben\u00e9fico de la pianista Ucraniana Anna Fedorova"},"content":{"rendered":"<p style=\"text-align: justify;\" data-start=\"0\" data-end=\"240\">El Palau de la M\u00fasica Catalana acoger\u00e1 el pr\u00f3ximo 18 de abril el <em data-start=\"65\" data-end=\"113\">Concierto para piano n.\u00ba 2 en fa menor, Op. 21<\/em> de Fr\u00e9d\u00e9ric Chopin, interpretado por la pianista Anna Fedorova, que estar\u00e1 acompa\u00f1ada por la orquesta de c\u00e1mara Davidsb\u00fcndler.<\/p>\n<p style=\"text-align: justify;\" data-start=\"242\" data-end=\"620\">Se trata de un concierto ben\u00e9fico impulsado por la Fundaci\u00f3n de Investigaci\u00f3n Salud y Progreso (FISP) y la Fundaci\u00f3n Davidsb\u00fcndler, bajo el programa <em data-start=\"391\" data-end=\"408\">Music &amp; Science<\/em>, para recaudar fondos para dos causas: por un lado, financiar proyectos de investigaci\u00f3n en c\u00e1nceres de la sangre y, por otro, dar apoyo educativo a j\u00f3venes talentos musicales afectados por la guerra en Ucrania.<\/p>\n<p style=\"text-align: justify;\" data-start=\"622\" data-end=\"1080\">La pieza central del concierto, este <em data-start=\"659\" data-end=\"687\">Concierto para piano n.\u00ba 2<\/em> de Chopin, es una obra de despedida y revelaci\u00f3n antes de su exilio. La cr\u00edtica internacional ha elogiado la interpretaci\u00f3n de Anna Fedorova, formada en el Royal College of Music de Londres y con una trayectoria que incluye actuaciones con la Philharmonia Orchestra o la Sinf\u00f3nica de la BBC. La pianista ucraniana se unir\u00e1 a un grupo de c\u00e1mara formado por solistas de prestigio internacional.<\/p>\n<p data-start=\"1082\" data-end=\"1118\" data-is-last-node=\"\" data-is-only-node=\"\">M\u00e1s informaci\u00f3n y venta de entradas.<strong>\u00a0<a href=\"https:\/\/www.palaumusica.cat\/ca\/anna-fedorova-concert-num-2-de-chopin_1545024\">aqu\u00ed<\/a><\/strong><\/p>\n","protected":false},"excerpt":{"rendered":"<p>El Palau de la M\u00fasica Catalana acoger\u00e1 el pr\u00f3ximo 18 de abril el Concierto para piano n.\u00ba 2 en fa menor, Op. 21 de Fr\u00e9d\u00e9ric Chopin, interpretado por la pianista Anna Fedorova, que estar\u00e1 acompa\u00f1ada por la orquesta de c\u00e1mara&hellip;<\/p>\n","protected":false},"author":1,"featured_media":24350,"comment_status":"closed","ping_status":"open","sticky":false,"template":"","format":"standard","meta":{"footnotes":""},"categories":[300,62],"tags":[],"class_list":["post-24389","post","type-post","status-publish","format-standard","has-post-thumbnail","hentry","category-amics-recomana-marc-26-es","category-noticias-culturales","entry","has-media"],"yoast_head":"<!-- This site is optimized with the Yoast SEO plugin v23.9 - https:\/\/yoast.com\/wordpress\/plugins\/seo\/ -->\n<title>Concierto ben\u00e9fico de la pianista Ucraniana Anna Fedorova - Amics del Liceu<\/title>\n<meta name=\"robots\" content=\"index, follow, max-snippet:-1, max-image-preview:large, max-video-preview:-1\" \/>\n<link rel=\"canonical\" href=\"https:\/\/amicsliceu.com\/es\/concert-benefic-de-la-pianista-ucrainesa-anna-fedorova\/\" \/>\n<meta property=\"og:locale\" content=\"es_ES\" \/>\n<meta property=\"og:type\" content=\"article\" \/>\n<meta property=\"og:title\" content=\"Concierto ben\u00e9fico de la pianista Ucraniana Anna Fedorova - Amics del Liceu\" \/>\n<meta property=\"og:description\" content=\"El Palau de la M\u00fasica Catalana acoger\u00e1 el pr\u00f3ximo 18 de abril el Concierto para piano n.\u00ba 2 en fa menor, Op. 21 de Fr\u00e9d\u00e9ric Chopin, interpretado por la pianista Anna Fedorova, que estar\u00e1 acompa\u00f1ada por la orquesta de c\u00e1mara&hellip;\" \/>\n<meta property=\"og:url\" content=\"https:\/\/amicsliceu.com\/es\/concert-benefic-de-la-pianista-ucrainesa-anna-fedorova\/\" \/>\n<meta property=\"og:site_name\" content=\"Amics del Liceu\" \/>\n<meta property=\"article:published_time\" content=\"2026-03-16T11:47:20+00:00\" \/>\n<meta property=\"article:modified_time\" content=\"2026-03-18T11:53:42+00:00\" \/>\n<meta property=\"og:image\" content=\"https:\/\/amicsliceu.com\/wp-content\/uploads\/2026\/03\/Concert-FISP.jpg\" \/>\n\t<meta property=\"og:image:width\" content=\"2322\" \/>\n\t<meta property=\"og:image:height\" content=\"2248\" \/>\n\t<meta property=\"og:image:type\" content=\"image\/jpeg\" \/>\n<meta name=\"author\" content=\"amicsdelliceu\" \/>\n<meta name=\"twitter:card\" content=\"summary_large_image\" \/>\n<meta name=\"twitter:label1\" content=\"Escrito por\" \/>\n\t<meta name=\"twitter:data1\" content=\"amicsdelliceu\" \/>\n\t<meta name=\"twitter:label2\" content=\"Tiempo de lectura\" \/>\n\t<meta name=\"twitter:data2\" content=\"2 minutos\" \/>\n<script type=\"application\/ld+json\" class=\"yoast-schema-graph\">{\"@context\":\"https:\/\/schema.org\",\"@graph\":[{\"@type\":\"Article\",\"@id\":\"https:\/\/amicsliceu.com\/es\/concert-benefic-de-la-pianista-ucrainesa-anna-fedorova\/#article\",\"isPartOf\":{\"@id\":\"https:\/\/amicsliceu.com\/es\/concert-benefic-de-la-pianista-ucrainesa-anna-fedorova\/\"},\"author\":{\"name\":\"amicsdelliceu\",\"@id\":\"https:\/\/amicsliceu.com\/es\/#\/schema\/person\/85f0597494326deed30f87ce0123b00f\"},\"headline\":\"Concierto ben\u00e9fico de la pianista Ucraniana Anna Fedorova\",\"datePublished\":\"2026-03-16T11:47:20+00:00\",\"dateModified\":\"2026-03-18T11:53:42+00:00\",\"mainEntityOfPage\":{\"@id\":\"https:\/\/amicsliceu.com\/es\/concert-benefic-de-la-pianista-ucrainesa-anna-fedorova\/\"},\"wordCount\":211,\"publisher\":{\"@id\":\"https:\/\/amicsliceu.com\/es\/#organization\"},\"image\":{\"@id\":\"https:\/\/amicsliceu.com\/es\/concert-benefic-de-la-pianista-ucrainesa-anna-fedorova\/#primaryimage\"},\"thumbnailUrl\":\"https:\/\/amicsliceu.com\/wp-content\/uploads\/2026\/03\/Concert-FISP.jpg\",\"articleSection\":[\"Amics recomana mar\u00e7 26\",\"Not\u00edcias culturales\"],\"inLanguage\":\"es\"},{\"@type\":\"WebPage\",\"@id\":\"https:\/\/amicsliceu.com\/es\/concert-benefic-de-la-pianista-ucrainesa-anna-fedorova\/\",\"url\":\"https:\/\/amicsliceu.com\/es\/concert-benefic-de-la-pianista-ucrainesa-anna-fedorova\/\",\"name\":\"Concierto ben\u00e9fico de la pianista Ucraniana Anna Fedorova - Amics del Liceu\",\"isPartOf\":{\"@id\":\"https:\/\/amicsliceu.com\/es\/#website\"},\"primaryImageOfPage\":{\"@id\":\"https:\/\/amicsliceu.com\/es\/concert-benefic-de-la-pianista-ucrainesa-anna-fedorova\/#primaryimage\"},\"image\":{\"@id\":\"https:\/\/amicsliceu.com\/es\/concert-benefic-de-la-pianista-ucrainesa-anna-fedorova\/#primaryimage\"},\"thumbnailUrl\":\"https:\/\/amicsliceu.com\/wp-content\/uploads\/2026\/03\/Concert-FISP.jpg\",\"datePublished\":\"2026-03-16T11:47:20+00:00\",\"dateModified\":\"2026-03-18T11:53:42+00:00\",\"breadcrumb\":{\"@id\":\"https:\/\/amicsliceu.com\/es\/concert-benefic-de-la-pianista-ucrainesa-anna-fedorova\/#breadcrumb\"},\"inLanguage\":\"es\",\"potentialAction\":[{\"@type\":\"ReadAction\",\"target\":[\"https:\/\/amicsliceu.com\/es\/concert-benefic-de-la-pianista-ucrainesa-anna-fedorova\/\"]}]},{\"@type\":\"ImageObject\",\"inLanguage\":\"es\",\"@id\":\"https:\/\/amicsliceu.com\/es\/concert-benefic-de-la-pianista-ucrainesa-anna-fedorova\/#primaryimage\",\"url\":\"https:\/\/amicsliceu.com\/wp-content\/uploads\/2026\/03\/Concert-FISP.jpg\",\"contentUrl\":\"https:\/\/amicsliceu.com\/wp-content\/uploads\/2026\/03\/Concert-FISP.jpg\",\"width\":2322,\"height\":2248},{\"@type\":\"BreadcrumbList\",\"@id\":\"https:\/\/amicsliceu.com\/es\/concert-benefic-de-la-pianista-ucrainesa-anna-fedorova\/#breadcrumb\",\"itemListElement\":[{\"@type\":\"ListItem\",\"position\":1,\"name\":\"Inicio\",\"item\":\"https:\/\/amicsliceu.com\/es\/\"},{\"@type\":\"ListItem\",\"position\":2,\"name\":\"Concierto ben\u00e9fico de la pianista Ucraniana Anna Fedorova\"}]},{\"@type\":\"WebSite\",\"@id\":\"https:\/\/amicsliceu.com\/es\/#website\",\"url\":\"https:\/\/amicsliceu.com\/es\/\",\"name\":\"Amics del Liceu\",\"description\":\"\",\"publisher\":{\"@id\":\"https:\/\/amicsliceu.com\/es\/#organization\"},\"potentialAction\":[{\"@type\":\"SearchAction\",\"target\":{\"@type\":\"EntryPoint\",\"urlTemplate\":\"https:\/\/amicsliceu.com\/es\/?s={search_term_string}\"},\"query-input\":{\"@type\":\"PropertyValueSpecification\",\"valueRequired\":true,\"valueName\":\"search_term_string\"}}],\"inLanguage\":\"es\"},{\"@type\":\"Organization\",\"@id\":\"https:\/\/amicsliceu.com\/es\/#organization\",\"name\":\"Amics del Liceu\",\"url\":\"https:\/\/amicsliceu.com\/es\/\",\"logo\":{\"@type\":\"ImageObject\",\"inLanguage\":\"es\",\"@id\":\"https:\/\/amicsliceu.com\/es\/#\/schema\/logo\/image\/\",\"url\":\"http:\/\/amicsliceu.com\/wp-content\/uploads\/2019\/03\/logo.png\",\"contentUrl\":\"http:\/\/amicsliceu.com\/wp-content\/uploads\/2019\/03\/logo.png\",\"width\":225,\"height\":92,\"caption\":\"Amics del Liceu\"},\"image\":{\"@id\":\"https:\/\/amicsliceu.com\/es\/#\/schema\/logo\/image\/\"}},{\"@type\":\"Person\",\"@id\":\"https:\/\/amicsliceu.com\/es\/#\/schema\/person\/85f0597494326deed30f87ce0123b00f\",\"name\":\"amicsdelliceu\",\"image\":{\"@type\":\"ImageObject\",\"inLanguage\":\"es\",\"@id\":\"https:\/\/amicsliceu.com\/es\/#\/schema\/person\/image\/\",\"url\":\"https:\/\/secure.gravatar.com\/avatar\/5020097ee7953cd5faf719e49be1709e?s=96&d=mm&r=g\",\"contentUrl\":\"https:\/\/secure.gravatar.com\/avatar\/5020097ee7953cd5faf719e49be1709e?s=96&d=mm&r=g\",\"caption\":\"amicsdelliceu\"},\"url\":\"https:\/\/amicsliceu.com\/es\/author\/admin\/\"}]}<\/script>\n<!-- \/ Yoast SEO plugin. -->","yoast_head_json":{"title":"Concierto ben\u00e9fico de la pianista Ucraniana Anna Fedorova - Amics del Liceu","robots":{"index":"index","follow":"follow","max-snippet":"max-snippet:-1","max-image-preview":"max-image-preview:large","max-video-preview":"max-video-preview:-1"},"canonical":"https:\/\/amicsliceu.com\/es\/concert-benefic-de-la-pianista-ucrainesa-anna-fedorova\/","og_locale":"es_ES","og_type":"article","og_title":"Concierto ben\u00e9fico de la pianista Ucraniana Anna Fedorova - Amics del Liceu","og_description":"El Palau de la M\u00fasica Catalana acoger\u00e1 el pr\u00f3ximo 18 de abril el Concierto para piano n.\u00ba 2 en fa menor, Op. 21 de Fr\u00e9d\u00e9ric Chopin, interpretado por la pianista Anna Fedorova, que estar\u00e1 acompa\u00f1ada por la orquesta de c\u00e1mara&hellip;","og_url":"https:\/\/amicsliceu.com\/es\/concert-benefic-de-la-pianista-ucrainesa-anna-fedorova\/","og_site_name":"Amics del Liceu","article_published_time":"2026-03-16T11:47:20+00:00","article_modified_time":"2026-03-18T11:53:42+00:00","og_image":[{"width":2322,"height":2248,"url":"https:\/\/amicsliceu.com\/wp-content\/uploads\/2026\/03\/Concert-FISP.jpg","type":"image\/jpeg"}],"author":"amicsdelliceu","twitter_card":"summary_large_image","twitter_misc":{"Escrito por":"amicsdelliceu","Tiempo de lectura":"2 minutos"},"schema":{"@context":"https:\/\/schema.org","@graph":[{"@type":"Article","@id":"https:\/\/amicsliceu.com\/es\/concert-benefic-de-la-pianista-ucrainesa-anna-fedorova\/#article","isPartOf":{"@id":"https:\/\/amicsliceu.com\/es\/concert-benefic-de-la-pianista-ucrainesa-anna-fedorova\/"},"author":{"name":"amicsdelliceu","@id":"https:\/\/amicsliceu.com\/es\/#\/schema\/person\/85f0597494326deed30f87ce0123b00f"},"headline":"Concierto ben\u00e9fico de la pianista Ucraniana Anna Fedorova","datePublished":"2026-03-16T11:47:20+00:00","dateModified":"2026-03-18T11:53:42+00:00","mainEntityOfPage":{"@id":"https:\/\/amicsliceu.com\/es\/concert-benefic-de-la-pianista-ucrainesa-anna-fedorova\/"},"wordCount":211,"publisher":{"@id":"https:\/\/amicsliceu.com\/es\/#organization"},"image":{"@id":"https:\/\/amicsliceu.com\/es\/concert-benefic-de-la-pianista-ucrainesa-anna-fedorova\/#primaryimage"},"thumbnailUrl":"https:\/\/amicsliceu.com\/wp-content\/uploads\/2026\/03\/Concert-FISP.jpg","articleSection":["Amics recomana mar\u00e7 26","Not\u00edcias culturales"],"inLanguage":"es"},{"@type":"WebPage","@id":"https:\/\/amicsliceu.com\/es\/concert-benefic-de-la-pianista-ucrainesa-anna-fedorova\/","url":"https:\/\/amicsliceu.com\/es\/concert-benefic-de-la-pianista-ucrainesa-anna-fedorova\/","name":"Concierto ben\u00e9fico de la pianista Ucraniana Anna Fedorova - Amics del Liceu","isPartOf":{"@id":"https:\/\/amicsliceu.com\/es\/#website"},"primaryImageOfPage":{"@id":"https:\/\/amicsliceu.com\/es\/concert-benefic-de-la-pianista-ucrainesa-anna-fedorova\/#primaryimage"},"image":{"@id":"https:\/\/amicsliceu.com\/es\/concert-benefic-de-la-pianista-ucrainesa-anna-fedorova\/#primaryimage"},"thumbnailUrl":"https:\/\/amicsliceu.com\/wp-content\/uploads\/2026\/03\/Concert-FISP.jpg","datePublished":"2026-03-16T11:47:20+00:00","dateModified":"2026-03-18T11:53:42+00:00","breadcrumb":{"@id":"https:\/\/amicsliceu.com\/es\/concert-benefic-de-la-pianista-ucrainesa-anna-fedorova\/#breadcrumb"},"inLanguage":"es","potentialAction":[{"@type":"ReadAction","target":["https:\/\/amicsliceu.com\/es\/concert-benefic-de-la-pianista-ucrainesa-anna-fedorova\/"]}]},{"@type":"ImageObject","inLanguage":"es","@id":"https:\/\/amicsliceu.com\/es\/concert-benefic-de-la-pianista-ucrainesa-anna-fedorova\/#primaryimage","url":"https:\/\/amicsliceu.com\/wp-content\/uploads\/2026\/03\/Concert-FISP.jpg","contentUrl":"https:\/\/amicsliceu.com\/wp-content\/uploads\/2026\/03\/Concert-FISP.jpg","width":2322,"height":2248},{"@type":"BreadcrumbList","@id":"https:\/\/amicsliceu.com\/es\/concert-benefic-de-la-pianista-ucrainesa-anna-fedorova\/#breadcrumb","itemListElement":[{"@type":"ListItem","position":1,"name":"Inicio","item":"https:\/\/amicsliceu.com\/es\/"},{"@type":"ListItem","position":2,"name":"Concierto ben\u00e9fico de la pianista Ucraniana Anna Fedorova"}]},{"@type":"WebSite","@id":"https:\/\/amicsliceu.com\/es\/#website","url":"https:\/\/amicsliceu.com\/es\/","name":"Amics del Liceu","description":"","publisher":{"@id":"https:\/\/amicsliceu.com\/es\/#organization"},"potentialAction":[{"@type":"SearchAction","target":{"@type":"EntryPoint","urlTemplate":"https:\/\/amicsliceu.com\/es\/?s={search_term_string}"},"query-input":{"@type":"PropertyValueSpecification","valueRequired":true,"valueName":"search_term_string"}}],"inLanguage":"es"},{"@type":"Organization","@id":"https:\/\/amicsliceu.com\/es\/#organization","name":"Amics del Liceu","url":"https:\/\/amicsliceu.com\/es\/","logo":{"@type":"ImageObject","inLanguage":"es","@id":"https:\/\/amicsliceu.com\/es\/#\/schema\/logo\/image\/","url":"http:\/\/amicsliceu.com\/wp-content\/uploads\/2019\/03\/logo.png","contentUrl":"http:\/\/amicsliceu.com\/wp-content\/uploads\/2019\/03\/logo.png","width":225,"height":92,"caption":"Amics del Liceu"},"image":{"@id":"https:\/\/amicsliceu.com\/es\/#\/schema\/logo\/image\/"}},{"@type":"Person","@id":"https:\/\/amicsliceu.com\/es\/#\/schema\/person\/85f0597494326deed30f87ce0123b00f","name":"amicsdelliceu","image":{"@type":"ImageObject","inLanguage":"es","@id":"https:\/\/amicsliceu.com\/es\/#\/schema\/person\/image\/","url":"https:\/\/secure.gravatar.com\/avatar\/5020097ee7953cd5faf719e49be1709e?s=96&d=mm&r=g","contentUrl":"https:\/\/secure.gravatar.com\/avatar\/5020097ee7953cd5faf719e49be1709e?s=96&d=mm&r=g","caption":"amicsdelliceu"},"url":"https:\/\/amicsliceu.com\/es\/author\/admin\/"}]}},"views":0,"_links":{"self":[{"href":"https:\/\/amicsliceu.com\/es\/wp-json\/wp\/v2\/posts\/24389"}],"collection":[{"href":"https:\/\/amicsliceu.com\/es\/wp-json\/wp\/v2\/posts"}],"about":[{"href":"https:\/\/amicsliceu.com\/es\/wp-json\/wp\/v2\/types\/post"}],"author":[{"embeddable":true,"href":"https:\/\/amicsliceu.com\/es\/wp-json\/wp\/v2\/users\/1"}],"replies":[{"embeddable":true,"href":"https:\/\/amicsliceu.com\/es\/wp-json\/wp\/v2\/comments?post=24389"}],"version-history":[{"count":1,"href":"https:\/\/amicsliceu.com\/es\/wp-json\/wp\/v2\/posts\/24389\/revisions"}],"predecessor-version":[{"id":24390,"href":"https:\/\/amicsliceu.com\/es\/wp-json\/wp\/v2\/posts\/24389\/revisions\/24390"}],"wp:featuredmedia":[{"embeddable":true,"href":"https:\/\/amicsliceu.com\/es\/wp-json\/wp\/v2\/media\/24350"}],"wp:attachment":[{"href":"https:\/\/amicsliceu.com\/es\/wp-json\/wp\/v2\/media?parent=24389"}],"wp:term":[{"taxonomy":"category","embeddable":true,"href":"https:\/\/amicsliceu.com\/es\/wp-json\/wp\/v2\/categories?post=24389"},{"taxonomy":"post_tag","embeddable":true,"href":"https:\/\/amicsliceu.com\/es\/wp-json\/wp\/v2\/tags?post=24389"}],"curies":[{"name":"wp","href":"https:\/\/api.w.org\/{rel}","templated":true}]}}