{"id":24400,"date":"2026-03-16T11:15:09","date_gmt":"2026-03-16T11:15:09","guid":{"rendered":"https:\/\/amicsliceu.com\/biografia-maria-callas-de-jerome-charyn\/"},"modified":"2026-03-18T12:00:09","modified_gmt":"2026-03-18T12:00:09","slug":"biografia-maria-callas-de-jerome-charyn","status":"publish","type":"post","link":"https:\/\/amicsliceu.com\/es\/biografia-maria-callas-de-jerome-charyn\/","title":{"rendered":"Biografia \u00abMaria Callas\u00bb, de Jerome Charyn"},"content":{"rendered":"<p style=\"text-align: justify;\" data-start=\"0\" data-end=\"445\">Circe Ediciones ha publicado recientemente una nueva biograf\u00eda de la soprano Maria Callas, a cargo del escritor Jerome Charyn. En un retrato \u00edntimo, Charyn humaniza a \u00abla Divina\u00bb y revela el personaje que sobrevivi\u00f3 al hambre, la guerra, la insaciable codicia de sus representantes, a amores pasionales y destructivos, y a la soledad y tristeza que, pese a todo, no le impidieron alcanzar las cotas m\u00e1s altas de aclamaci\u00f3n por parte del p\u00fablico.<\/p>\n<p style=\"text-align: justify;\" data-start=\"447\" data-end=\"681\">La tempestuosa biograf\u00eda de la soprano cobra vida como la de una personalidad \u00fanica, terca, voluble y carism\u00e1tica, que cautiv\u00f3 a generaciones de fans, emocionando al p\u00fablico con sus brillantes actuaciones y su personalidad desafiante.<\/p>\n<p data-start=\"683\" data-end=\"703\" data-is-last-node=\"\" data-is-only-node=\"\">M\u00e1s informaci\u00f3n <a href=\"https:\/\/circeediciones.com\/catalogo\/maria-callas#pills-synopsis\">aqu\u00ed<\/a><\/p>\n<p>&nbsp;<\/p>\n<p style=\"text-align: justify;\">\n","protected":false},"excerpt":{"rendered":"<p>Circe Ediciones ha publicado recientemente una nueva biograf\u00eda de la soprano Maria Callas, a cargo del escritor Jerome Charyn. En un retrato \u00edntimo, Charyn humaniza a \u00abla Divina\u00bb y revela el personaje que sobrevivi\u00f3 al hambre, la guerra, la insaciable&hellip;<\/p>\n","protected":false},"author":1,"featured_media":24342,"comment_status":"closed","ping_status":"open","sticky":false,"template":"","format":"standard","meta":{"footnotes":""},"categories":[300,62],"tags":[],"class_list":["post-24400","post","type-post","status-publish","format-standard","has-post-thumbnail","hentry","category-amics-recomana-marc-26-es","category-noticias-culturales","entry","has-media"],"yoast_head":"<!-- This site is optimized with the Yoast SEO plugin v23.9 - https:\/\/yoast.com\/wordpress\/plugins\/seo\/ -->\n<title>Biografia \u00abMaria Callas\u00bb, de Jerome Charyn - Amics del Liceu<\/title>\n<meta name=\"robots\" content=\"index, follow, max-snippet:-1, max-image-preview:large, max-video-preview:-1\" \/>\n<link rel=\"canonical\" href=\"https:\/\/amicsliceu.com\/es\/biografia-maria-callas-de-jerome-charyn\/\" \/>\n<meta property=\"og:locale\" content=\"es_ES\" \/>\n<meta property=\"og:type\" content=\"article\" \/>\n<meta property=\"og:title\" content=\"Biografia \u00abMaria Callas\u00bb, de Jerome Charyn - Amics del Liceu\" \/>\n<meta property=\"og:description\" content=\"Circe Ediciones ha publicado recientemente una nueva biograf\u00eda de la soprano Maria Callas, a cargo del escritor Jerome Charyn. En un retrato \u00edntimo, Charyn humaniza a \u00abla Divina\u00bb y revela el personaje que sobrevivi\u00f3 al hambre, la guerra, la insaciable&hellip;\" \/>\n<meta property=\"og:url\" content=\"https:\/\/amicsliceu.com\/es\/biografia-maria-callas-de-jerome-charyn\/\" \/>\n<meta property=\"og:site_name\" content=\"Amics del Liceu\" \/>\n<meta property=\"article:published_time\" content=\"2026-03-16T11:15:09+00:00\" \/>\n<meta property=\"article:modified_time\" content=\"2026-03-18T12:00:09+00:00\" \/>\n<meta property=\"og:image\" content=\"https:\/\/amicsliceu.com\/wp-content\/uploads\/2026\/03\/MariaCallas_tall.jpg\" \/>\n\t<meta property=\"og:image:width\" content=\"1000\" \/>\n\t<meta property=\"og:image:height\" content=\"628\" \/>\n\t<meta property=\"og:image:type\" content=\"image\/jpeg\" \/>\n<meta name=\"author\" content=\"amicsdelliceu\" \/>\n<meta name=\"twitter:card\" content=\"summary_large_image\" \/>\n<meta name=\"twitter:label1\" content=\"Escrito por\" \/>\n\t<meta name=\"twitter:data1\" content=\"amicsdelliceu\" \/>\n\t<meta name=\"twitter:label2\" content=\"Tiempo de lectura\" \/>\n\t<meta name=\"twitter:data2\" content=\"1 minuto\" \/>\n<script type=\"application\/ld+json\" class=\"yoast-schema-graph\">{\"@context\":\"https:\/\/schema.org\",\"@graph\":[{\"@type\":\"Article\",\"@id\":\"https:\/\/amicsliceu.com\/es\/biografia-maria-callas-de-jerome-charyn\/#article\",\"isPartOf\":{\"@id\":\"https:\/\/amicsliceu.com\/es\/biografia-maria-callas-de-jerome-charyn\/\"},\"author\":{\"name\":\"amicsdelliceu\",\"@id\":\"https:\/\/amicsliceu.com\/es\/#\/schema\/person\/85f0597494326deed30f87ce0123b00f\"},\"headline\":\"Biografia \u00abMaria Callas\u00bb, de Jerome Charyn\",\"datePublished\":\"2026-03-16T11:15:09+00:00\",\"dateModified\":\"2026-03-18T12:00:09+00:00\",\"mainEntityOfPage\":{\"@id\":\"https:\/\/amicsliceu.com\/es\/biografia-maria-callas-de-jerome-charyn\/\"},\"wordCount\":127,\"publisher\":{\"@id\":\"https:\/\/amicsliceu.com\/es\/#organization\"},\"image\":{\"@id\":\"https:\/\/amicsliceu.com\/es\/biografia-maria-callas-de-jerome-charyn\/#primaryimage\"},\"thumbnailUrl\":\"https:\/\/amicsliceu.com\/wp-content\/uploads\/2026\/03\/MariaCallas_tall.jpg\",\"articleSection\":[\"Amics recomana mar\u00e7 26\",\"Not\u00edcias culturales\"],\"inLanguage\":\"es\"},{\"@type\":\"WebPage\",\"@id\":\"https:\/\/amicsliceu.com\/es\/biografia-maria-callas-de-jerome-charyn\/\",\"url\":\"https:\/\/amicsliceu.com\/es\/biografia-maria-callas-de-jerome-charyn\/\",\"name\":\"Biografia \u00abMaria Callas\u00bb, de Jerome Charyn - Amics del Liceu\",\"isPartOf\":{\"@id\":\"https:\/\/amicsliceu.com\/es\/#website\"},\"primaryImageOfPage\":{\"@id\":\"https:\/\/amicsliceu.com\/es\/biografia-maria-callas-de-jerome-charyn\/#primaryimage\"},\"image\":{\"@id\":\"https:\/\/amicsliceu.com\/es\/biografia-maria-callas-de-jerome-charyn\/#primaryimage\"},\"thumbnailUrl\":\"https:\/\/amicsliceu.com\/wp-content\/uploads\/2026\/03\/MariaCallas_tall.jpg\",\"datePublished\":\"2026-03-16T11:15:09+00:00\",\"dateModified\":\"2026-03-18T12:00:09+00:00\",\"breadcrumb\":{\"@id\":\"https:\/\/amicsliceu.com\/es\/biografia-maria-callas-de-jerome-charyn\/#breadcrumb\"},\"inLanguage\":\"es\",\"potentialAction\":[{\"@type\":\"ReadAction\",\"target\":[\"https:\/\/amicsliceu.com\/es\/biografia-maria-callas-de-jerome-charyn\/\"]}]},{\"@type\":\"ImageObject\",\"inLanguage\":\"es\",\"@id\":\"https:\/\/amicsliceu.com\/es\/biografia-maria-callas-de-jerome-charyn\/#primaryimage\",\"url\":\"https:\/\/amicsliceu.com\/wp-content\/uploads\/2026\/03\/MariaCallas_tall.jpg\",\"contentUrl\":\"https:\/\/amicsliceu.com\/wp-content\/uploads\/2026\/03\/MariaCallas_tall.jpg\",\"width\":1000,\"height\":628},{\"@type\":\"BreadcrumbList\",\"@id\":\"https:\/\/amicsliceu.com\/es\/biografia-maria-callas-de-jerome-charyn\/#breadcrumb\",\"itemListElement\":[{\"@type\":\"ListItem\",\"position\":1,\"name\":\"Inicio\",\"item\":\"https:\/\/amicsliceu.com\/es\/\"},{\"@type\":\"ListItem\",\"position\":2,\"name\":\"Biografia \u00abMaria Callas\u00bb, de Jerome Charyn\"}]},{\"@type\":\"WebSite\",\"@id\":\"https:\/\/amicsliceu.com\/es\/#website\",\"url\":\"https:\/\/amicsliceu.com\/es\/\",\"name\":\"Amics del Liceu\",\"description\":\"\",\"publisher\":{\"@id\":\"https:\/\/amicsliceu.com\/es\/#organization\"},\"potentialAction\":[{\"@type\":\"SearchAction\",\"target\":{\"@type\":\"EntryPoint\",\"urlTemplate\":\"https:\/\/amicsliceu.com\/es\/?s={search_term_string}\"},\"query-input\":{\"@type\":\"PropertyValueSpecification\",\"valueRequired\":true,\"valueName\":\"search_term_string\"}}],\"inLanguage\":\"es\"},{\"@type\":\"Organization\",\"@id\":\"https:\/\/amicsliceu.com\/es\/#organization\",\"name\":\"Amics del Liceu\",\"url\":\"https:\/\/amicsliceu.com\/es\/\",\"logo\":{\"@type\":\"ImageObject\",\"inLanguage\":\"es\",\"@id\":\"https:\/\/amicsliceu.com\/es\/#\/schema\/logo\/image\/\",\"url\":\"http:\/\/amicsliceu.com\/wp-content\/uploads\/2019\/03\/logo.png\",\"contentUrl\":\"http:\/\/amicsliceu.com\/wp-content\/uploads\/2019\/03\/logo.png\",\"width\":225,\"height\":92,\"caption\":\"Amics del Liceu\"},\"image\":{\"@id\":\"https:\/\/amicsliceu.com\/es\/#\/schema\/logo\/image\/\"}},{\"@type\":\"Person\",\"@id\":\"https:\/\/amicsliceu.com\/es\/#\/schema\/person\/85f0597494326deed30f87ce0123b00f\",\"name\":\"amicsdelliceu\",\"image\":{\"@type\":\"ImageObject\",\"inLanguage\":\"es\",\"@id\":\"https:\/\/amicsliceu.com\/es\/#\/schema\/person\/image\/\",\"url\":\"https:\/\/secure.gravatar.com\/avatar\/5020097ee7953cd5faf719e49be1709e?s=96&d=mm&r=g\",\"contentUrl\":\"https:\/\/secure.gravatar.com\/avatar\/5020097ee7953cd5faf719e49be1709e?s=96&d=mm&r=g\",\"caption\":\"amicsdelliceu\"},\"url\":\"https:\/\/amicsliceu.com\/es\/author\/admin\/\"}]}<\/script>\n<!-- \/ Yoast SEO plugin. -->","yoast_head_json":{"title":"Biografia \u00abMaria Callas\u00bb, de Jerome Charyn - Amics del Liceu","robots":{"index":"index","follow":"follow","max-snippet":"max-snippet:-1","max-image-preview":"max-image-preview:large","max-video-preview":"max-video-preview:-1"},"canonical":"https:\/\/amicsliceu.com\/es\/biografia-maria-callas-de-jerome-charyn\/","og_locale":"es_ES","og_type":"article","og_title":"Biografia \u00abMaria Callas\u00bb, de Jerome Charyn - Amics del Liceu","og_description":"Circe Ediciones ha publicado recientemente una nueva biograf\u00eda de la soprano Maria Callas, a cargo del escritor Jerome Charyn. En un retrato \u00edntimo, Charyn humaniza a \u00abla Divina\u00bb y revela el personaje que sobrevivi\u00f3 al hambre, la guerra, la insaciable&hellip;","og_url":"https:\/\/amicsliceu.com\/es\/biografia-maria-callas-de-jerome-charyn\/","og_site_name":"Amics del Liceu","article_published_time":"2026-03-16T11:15:09+00:00","article_modified_time":"2026-03-18T12:00:09+00:00","og_image":[{"width":1000,"height":628,"url":"https:\/\/amicsliceu.com\/wp-content\/uploads\/2026\/03\/MariaCallas_tall.jpg","type":"image\/jpeg"}],"author":"amicsdelliceu","twitter_card":"summary_large_image","twitter_misc":{"Escrito por":"amicsdelliceu","Tiempo de lectura":"1 minuto"},"schema":{"@context":"https:\/\/schema.org","@graph":[{"@type":"Article","@id":"https:\/\/amicsliceu.com\/es\/biografia-maria-callas-de-jerome-charyn\/#article","isPartOf":{"@id":"https:\/\/amicsliceu.com\/es\/biografia-maria-callas-de-jerome-charyn\/"},"author":{"name":"amicsdelliceu","@id":"https:\/\/amicsliceu.com\/es\/#\/schema\/person\/85f0597494326deed30f87ce0123b00f"},"headline":"Biografia \u00abMaria Callas\u00bb, de Jerome Charyn","datePublished":"2026-03-16T11:15:09+00:00","dateModified":"2026-03-18T12:00:09+00:00","mainEntityOfPage":{"@id":"https:\/\/amicsliceu.com\/es\/biografia-maria-callas-de-jerome-charyn\/"},"wordCount":127,"publisher":{"@id":"https:\/\/amicsliceu.com\/es\/#organization"},"image":{"@id":"https:\/\/amicsliceu.com\/es\/biografia-maria-callas-de-jerome-charyn\/#primaryimage"},"thumbnailUrl":"https:\/\/amicsliceu.com\/wp-content\/uploads\/2026\/03\/MariaCallas_tall.jpg","articleSection":["Amics recomana mar\u00e7 26","Not\u00edcias culturales"],"inLanguage":"es"},{"@type":"WebPage","@id":"https:\/\/amicsliceu.com\/es\/biografia-maria-callas-de-jerome-charyn\/","url":"https:\/\/amicsliceu.com\/es\/biografia-maria-callas-de-jerome-charyn\/","name":"Biografia \u00abMaria Callas\u00bb, de Jerome Charyn - Amics del Liceu","isPartOf":{"@id":"https:\/\/amicsliceu.com\/es\/#website"},"primaryImageOfPage":{"@id":"https:\/\/amicsliceu.com\/es\/biografia-maria-callas-de-jerome-charyn\/#primaryimage"},"image":{"@id":"https:\/\/amicsliceu.com\/es\/biografia-maria-callas-de-jerome-charyn\/#primaryimage"},"thumbnailUrl":"https:\/\/amicsliceu.com\/wp-content\/uploads\/2026\/03\/MariaCallas_tall.jpg","datePublished":"2026-03-16T11:15:09+00:00","dateModified":"2026-03-18T12:00:09+00:00","breadcrumb":{"@id":"https:\/\/amicsliceu.com\/es\/biografia-maria-callas-de-jerome-charyn\/#breadcrumb"},"inLanguage":"es","potentialAction":[{"@type":"ReadAction","target":["https:\/\/amicsliceu.com\/es\/biografia-maria-callas-de-jerome-charyn\/"]}]},{"@type":"ImageObject","inLanguage":"es","@id":"https:\/\/amicsliceu.com\/es\/biografia-maria-callas-de-jerome-charyn\/#primaryimage","url":"https:\/\/amicsliceu.com\/wp-content\/uploads\/2026\/03\/MariaCallas_tall.jpg","contentUrl":"https:\/\/amicsliceu.com\/wp-content\/uploads\/2026\/03\/MariaCallas_tall.jpg","width":1000,"height":628},{"@type":"BreadcrumbList","@id":"https:\/\/amicsliceu.com\/es\/biografia-maria-callas-de-jerome-charyn\/#breadcrumb","itemListElement":[{"@type":"ListItem","position":1,"name":"Inicio","item":"https:\/\/amicsliceu.com\/es\/"},{"@type":"ListItem","position":2,"name":"Biografia \u00abMaria Callas\u00bb, de Jerome Charyn"}]},{"@type":"WebSite","@id":"https:\/\/amicsliceu.com\/es\/#website","url":"https:\/\/amicsliceu.com\/es\/","name":"Amics del Liceu","description":"","publisher":{"@id":"https:\/\/amicsliceu.com\/es\/#organization"},"potentialAction":[{"@type":"SearchAction","target":{"@type":"EntryPoint","urlTemplate":"https:\/\/amicsliceu.com\/es\/?s={search_term_string}"},"query-input":{"@type":"PropertyValueSpecification","valueRequired":true,"valueName":"search_term_string"}}],"inLanguage":"es"},{"@type":"Organization","@id":"https:\/\/amicsliceu.com\/es\/#organization","name":"Amics del Liceu","url":"https:\/\/amicsliceu.com\/es\/","logo":{"@type":"ImageObject","inLanguage":"es","@id":"https:\/\/amicsliceu.com\/es\/#\/schema\/logo\/image\/","url":"http:\/\/amicsliceu.com\/wp-content\/uploads\/2019\/03\/logo.png","contentUrl":"http:\/\/amicsliceu.com\/wp-content\/uploads\/2019\/03\/logo.png","width":225,"height":92,"caption":"Amics del Liceu"},"image":{"@id":"https:\/\/amicsliceu.com\/es\/#\/schema\/logo\/image\/"}},{"@type":"Person","@id":"https:\/\/amicsliceu.com\/es\/#\/schema\/person\/85f0597494326deed30f87ce0123b00f","name":"amicsdelliceu","image":{"@type":"ImageObject","inLanguage":"es","@id":"https:\/\/amicsliceu.com\/es\/#\/schema\/person\/image\/","url":"https:\/\/secure.gravatar.com\/avatar\/5020097ee7953cd5faf719e49be1709e?s=96&d=mm&r=g","contentUrl":"https:\/\/secure.gravatar.com\/avatar\/5020097ee7953cd5faf719e49be1709e?s=96&d=mm&r=g","caption":"amicsdelliceu"},"url":"https:\/\/amicsliceu.com\/es\/author\/admin\/"}]}},"views":0,"_links":{"self":[{"href":"https:\/\/amicsliceu.com\/es\/wp-json\/wp\/v2\/posts\/24400"}],"collection":[{"href":"https:\/\/amicsliceu.com\/es\/wp-json\/wp\/v2\/posts"}],"about":[{"href":"https:\/\/amicsliceu.com\/es\/wp-json\/wp\/v2\/types\/post"}],"author":[{"embeddable":true,"href":"https:\/\/amicsliceu.com\/es\/wp-json\/wp\/v2\/users\/1"}],"replies":[{"embeddable":true,"href":"https:\/\/amicsliceu.com\/es\/wp-json\/wp\/v2\/comments?post=24400"}],"version-history":[{"count":1,"href":"https:\/\/amicsliceu.com\/es\/wp-json\/wp\/v2\/posts\/24400\/revisions"}],"predecessor-version":[{"id":24401,"href":"https:\/\/amicsliceu.com\/es\/wp-json\/wp\/v2\/posts\/24400\/revisions\/24401"}],"wp:featuredmedia":[{"embeddable":true,"href":"https:\/\/amicsliceu.com\/es\/wp-json\/wp\/v2\/media\/24342"}],"wp:attachment":[{"href":"https:\/\/amicsliceu.com\/es\/wp-json\/wp\/v2\/media?parent=24400"}],"wp:term":[{"taxonomy":"category","embeddable":true,"href":"https:\/\/amicsliceu.com\/es\/wp-json\/wp\/v2\/categories?post=24400"},{"taxonomy":"post_tag","embeddable":true,"href":"https:\/\/amicsliceu.com\/es\/wp-json\/wp\/v2\/tags?post=24400"}],"curies":[{"name":"wp","href":"https:\/\/api.w.org\/{rel}","templated":true}]}}