{"id":24681,"date":"2026-04-27T09:37:28","date_gmt":"2026-04-27T09:37:28","guid":{"rendered":"https:\/\/amicsliceu.com\/projeccio-a-lentorn-de-le-nozze-di-figaro\/"},"modified":"2026-04-27T09:41:05","modified_gmt":"2026-04-27T09:41:05","slug":"projeccio-a-lentorn-de-le-nozze-di-figaro","status":"publish","type":"post","link":"https:\/\/amicsliceu.com\/es\/projeccio-a-lentorn-de-le-nozze-di-figaro\/","title":{"rendered":"Proyecci\u00f3n al entorno de \u00abLe nozze di Figaro\u00bb"},"content":{"rendered":"<p data-start=\"0\" data-end=\"118\"><strong>Martes 26 de mayo a las 19:00 h<\/strong><br data-start=\"31\" data-end=\"34\" \/><strong>Reial Cercle Art\u00edstic (c\u00f3mo llegar)<\/strong><br data-start=\"69\" data-end=\"72\" data-is-only-node=\"\" \/><strong>*Aforo limitado. Es necesaria reserva previa<\/strong><\/p>\n<p style=\"text-align: justify;\" data-start=\"120\" data-end=\"434\">El Grupo Verdi de Amigos del Liceu nos propone la proyecci\u00f3n en torno a la \u00f3pera <em data-start=\"201\" data-end=\"221\">Le Nozze di Figaro<\/em>, un resumen de la \u00f3pera de W. A. Mozart en un \u00fanico audiovisual que incluye los mejores fragmentos musicales procedentes de diferentes producciones, con los cantantes m\u00e1s emblem\u00e1ticos del pasado y del presente.<\/p>\n<p data-start=\"436\" data-end=\"561\" data-is-last-node=\"\" data-is-only-node=\"\"><strong>Para inscribirse en esta actividad, es necesario ponerse en contacto con la Asociaci\u00f3n: 93 317 73 78 \u2013 <a class=\"decorated-link cursor-pointer\" rel=\"noopener\" data-start=\"539\" data-end=\"561\" data-is-last-node=\"\">natalia@amicsliceu.com<\/a><\/strong><\/p>\n","protected":false},"excerpt":{"rendered":"<p>Martes 26 de mayo a las 19:00 hReial Cercle Art\u00edstic (c\u00f3mo llegar)*Aforo limitado. Es necesaria reserva previa El Grupo Verdi de Amigos del Liceu nos propone la proyecci\u00f3n en torno a la \u00f3pera Le Nozze di Figaro, un resumen de&hellip;<\/p>\n","protected":false},"author":1,"featured_media":24679,"comment_status":"closed","ping_status":"open","sticky":false,"template":"","format":"standard","meta":{"footnotes":""},"categories":[290,65],"tags":[],"class_list":["post-24681","post","type-post","status-publish","format-standard","has-post-thumbnail","hentry","category-actividades-2025-2026","category-proximas-actividades","entry","has-media"],"yoast_head":"<!-- This site is optimized with the Yoast SEO plugin v23.9 - https:\/\/yoast.com\/wordpress\/plugins\/seo\/ -->\n<title>Proyecci\u00f3n al entorno de &quot;Le nozze di Figaro&quot; - Amics del Liceu<\/title>\n<meta name=\"robots\" content=\"index, follow, max-snippet:-1, max-image-preview:large, max-video-preview:-1\" \/>\n<link rel=\"canonical\" href=\"https:\/\/amicsliceu.com\/es\/projeccio-a-lentorn-de-le-nozze-di-figaro\/\" \/>\n<meta property=\"og:locale\" content=\"es_ES\" \/>\n<meta property=\"og:type\" content=\"article\" \/>\n<meta property=\"og:title\" content=\"Proyecci\u00f3n al entorno de &quot;Le nozze di Figaro&quot; - Amics del Liceu\" \/>\n<meta property=\"og:description\" content=\"Martes 26 de mayo a las 19:00 hReial Cercle Art\u00edstic (c\u00f3mo llegar)*Aforo limitado. Es necesaria reserva previa El Grupo Verdi de Amigos del Liceu nos propone la proyecci\u00f3n en torno a la \u00f3pera Le Nozze di Figaro, un resumen de&hellip;\" \/>\n<meta property=\"og:url\" content=\"https:\/\/amicsliceu.com\/es\/projeccio-a-lentorn-de-le-nozze-di-figaro\/\" \/>\n<meta property=\"og:site_name\" content=\"Amics del Liceu\" \/>\n<meta property=\"article:published_time\" content=\"2026-04-27T09:37:28+00:00\" \/>\n<meta property=\"article:modified_time\" content=\"2026-04-27T09:41:05+00:00\" \/>\n<meta property=\"og:image\" content=\"https:\/\/amicsliceu.com\/wp-content\/uploads\/2026\/04\/FIGARO_019.-Paco-Amate-1-scaled.jpg\" \/>\n\t<meta property=\"og:image:width\" content=\"2560\" \/>\n\t<meta property=\"og:image:height\" content=\"1965\" \/>\n\t<meta property=\"og:image:type\" content=\"image\/jpeg\" \/>\n<meta name=\"author\" content=\"amicsdelliceu\" \/>\n<meta name=\"twitter:card\" content=\"summary_large_image\" \/>\n<meta name=\"twitter:label1\" content=\"Escrito por\" \/>\n\t<meta name=\"twitter:data1\" content=\"amicsdelliceu\" \/>\n\t<meta name=\"twitter:label2\" content=\"Tiempo de lectura\" \/>\n\t<meta name=\"twitter:data2\" content=\"1 minuto\" \/>\n<script type=\"application\/ld+json\" class=\"yoast-schema-graph\">{\"@context\":\"https:\/\/schema.org\",\"@graph\":[{\"@type\":\"Article\",\"@id\":\"https:\/\/amicsliceu.com\/es\/projeccio-a-lentorn-de-le-nozze-di-figaro\/#article\",\"isPartOf\":{\"@id\":\"https:\/\/amicsliceu.com\/es\/projeccio-a-lentorn-de-le-nozze-di-figaro\/\"},\"author\":{\"name\":\"amicsdelliceu\",\"@id\":\"https:\/\/amicsliceu.com\/es\/#\/schema\/person\/85f0597494326deed30f87ce0123b00f\"},\"headline\":\"Proyecci\u00f3n al entorno de \u00abLe nozze di Figaro\u00bb\",\"datePublished\":\"2026-04-27T09:37:28+00:00\",\"dateModified\":\"2026-04-27T09:41:05+00:00\",\"mainEntityOfPage\":{\"@id\":\"https:\/\/amicsliceu.com\/es\/projeccio-a-lentorn-de-le-nozze-di-figaro\/\"},\"wordCount\":101,\"publisher\":{\"@id\":\"https:\/\/amicsliceu.com\/es\/#organization\"},\"image\":{\"@id\":\"https:\/\/amicsliceu.com\/es\/projeccio-a-lentorn-de-le-nozze-di-figaro\/#primaryimage\"},\"thumbnailUrl\":\"https:\/\/amicsliceu.com\/wp-content\/uploads\/2026\/04\/FIGARO_019.-Paco-Amate-1-scaled.jpg\",\"articleSection\":[\"Actividades 2025-2026\",\"Pr\u00f3ximas actividades\"],\"inLanguage\":\"es\"},{\"@type\":\"WebPage\",\"@id\":\"https:\/\/amicsliceu.com\/es\/projeccio-a-lentorn-de-le-nozze-di-figaro\/\",\"url\":\"https:\/\/amicsliceu.com\/es\/projeccio-a-lentorn-de-le-nozze-di-figaro\/\",\"name\":\"Proyecci\u00f3n al entorno de \\\"Le nozze di Figaro\\\" - Amics del Liceu\",\"isPartOf\":{\"@id\":\"https:\/\/amicsliceu.com\/es\/#website\"},\"primaryImageOfPage\":{\"@id\":\"https:\/\/amicsliceu.com\/es\/projeccio-a-lentorn-de-le-nozze-di-figaro\/#primaryimage\"},\"image\":{\"@id\":\"https:\/\/amicsliceu.com\/es\/projeccio-a-lentorn-de-le-nozze-di-figaro\/#primaryimage\"},\"thumbnailUrl\":\"https:\/\/amicsliceu.com\/wp-content\/uploads\/2026\/04\/FIGARO_019.-Paco-Amate-1-scaled.jpg\",\"datePublished\":\"2026-04-27T09:37:28+00:00\",\"dateModified\":\"2026-04-27T09:41:05+00:00\",\"breadcrumb\":{\"@id\":\"https:\/\/amicsliceu.com\/es\/projeccio-a-lentorn-de-le-nozze-di-figaro\/#breadcrumb\"},\"inLanguage\":\"es\",\"potentialAction\":[{\"@type\":\"ReadAction\",\"target\":[\"https:\/\/amicsliceu.com\/es\/projeccio-a-lentorn-de-le-nozze-di-figaro\/\"]}]},{\"@type\":\"ImageObject\",\"inLanguage\":\"es\",\"@id\":\"https:\/\/amicsliceu.com\/es\/projeccio-a-lentorn-de-le-nozze-di-figaro\/#primaryimage\",\"url\":\"https:\/\/amicsliceu.com\/wp-content\/uploads\/2026\/04\/FIGARO_019.-Paco-Amate-1-scaled.jpg\",\"contentUrl\":\"https:\/\/amicsliceu.com\/wp-content\/uploads\/2026\/04\/FIGARO_019.-Paco-Amate-1-scaled.jpg\",\"width\":2560,\"height\":1965},{\"@type\":\"BreadcrumbList\",\"@id\":\"https:\/\/amicsliceu.com\/es\/projeccio-a-lentorn-de-le-nozze-di-figaro\/#breadcrumb\",\"itemListElement\":[{\"@type\":\"ListItem\",\"position\":1,\"name\":\"Inicio\",\"item\":\"https:\/\/amicsliceu.com\/es\/\"},{\"@type\":\"ListItem\",\"position\":2,\"name\":\"Proyecci\u00f3n al entorno de &#8220;Le nozze di Figaro&#8221;\"}]},{\"@type\":\"WebSite\",\"@id\":\"https:\/\/amicsliceu.com\/es\/#website\",\"url\":\"https:\/\/amicsliceu.com\/es\/\",\"name\":\"Amics del Liceu\",\"description\":\"\",\"publisher\":{\"@id\":\"https:\/\/amicsliceu.com\/es\/#organization\"},\"potentialAction\":[{\"@type\":\"SearchAction\",\"target\":{\"@type\":\"EntryPoint\",\"urlTemplate\":\"https:\/\/amicsliceu.com\/es\/?s={search_term_string}\"},\"query-input\":{\"@type\":\"PropertyValueSpecification\",\"valueRequired\":true,\"valueName\":\"search_term_string\"}}],\"inLanguage\":\"es\"},{\"@type\":\"Organization\",\"@id\":\"https:\/\/amicsliceu.com\/es\/#organization\",\"name\":\"Amics del Liceu\",\"url\":\"https:\/\/amicsliceu.com\/es\/\",\"logo\":{\"@type\":\"ImageObject\",\"inLanguage\":\"es\",\"@id\":\"https:\/\/amicsliceu.com\/es\/#\/schema\/logo\/image\/\",\"url\":\"http:\/\/amicsliceu.com\/wp-content\/uploads\/2019\/03\/logo.png\",\"contentUrl\":\"http:\/\/amicsliceu.com\/wp-content\/uploads\/2019\/03\/logo.png\",\"width\":225,\"height\":92,\"caption\":\"Amics del Liceu\"},\"image\":{\"@id\":\"https:\/\/amicsliceu.com\/es\/#\/schema\/logo\/image\/\"}},{\"@type\":\"Person\",\"@id\":\"https:\/\/amicsliceu.com\/es\/#\/schema\/person\/85f0597494326deed30f87ce0123b00f\",\"name\":\"amicsdelliceu\",\"image\":{\"@type\":\"ImageObject\",\"inLanguage\":\"es\",\"@id\":\"https:\/\/amicsliceu.com\/es\/#\/schema\/person\/image\/\",\"url\":\"https:\/\/secure.gravatar.com\/avatar\/5020097ee7953cd5faf719e49be1709e?s=96&d=mm&r=g\",\"contentUrl\":\"https:\/\/secure.gravatar.com\/avatar\/5020097ee7953cd5faf719e49be1709e?s=96&d=mm&r=g\",\"caption\":\"amicsdelliceu\"},\"url\":\"https:\/\/amicsliceu.com\/es\/author\/admin\/\"}]}<\/script>\n<!-- \/ Yoast SEO plugin. -->","yoast_head_json":{"title":"Proyecci\u00f3n al entorno de \"Le nozze di Figaro\" - Amics del Liceu","robots":{"index":"index","follow":"follow","max-snippet":"max-snippet:-1","max-image-preview":"max-image-preview:large","max-video-preview":"max-video-preview:-1"},"canonical":"https:\/\/amicsliceu.com\/es\/projeccio-a-lentorn-de-le-nozze-di-figaro\/","og_locale":"es_ES","og_type":"article","og_title":"Proyecci\u00f3n al entorno de \"Le nozze di Figaro\" - Amics del Liceu","og_description":"Martes 26 de mayo a las 19:00 hReial Cercle Art\u00edstic (c\u00f3mo llegar)*Aforo limitado. Es necesaria reserva previa El Grupo Verdi de Amigos del Liceu nos propone la proyecci\u00f3n en torno a la \u00f3pera Le Nozze di Figaro, un resumen de&hellip;","og_url":"https:\/\/amicsliceu.com\/es\/projeccio-a-lentorn-de-le-nozze-di-figaro\/","og_site_name":"Amics del Liceu","article_published_time":"2026-04-27T09:37:28+00:00","article_modified_time":"2026-04-27T09:41:05+00:00","og_image":[{"width":2560,"height":1965,"url":"https:\/\/amicsliceu.com\/wp-content\/uploads\/2026\/04\/FIGARO_019.-Paco-Amate-1-scaled.jpg","type":"image\/jpeg"}],"author":"amicsdelliceu","twitter_card":"summary_large_image","twitter_misc":{"Escrito por":"amicsdelliceu","Tiempo de lectura":"1 minuto"},"schema":{"@context":"https:\/\/schema.org","@graph":[{"@type":"Article","@id":"https:\/\/amicsliceu.com\/es\/projeccio-a-lentorn-de-le-nozze-di-figaro\/#article","isPartOf":{"@id":"https:\/\/amicsliceu.com\/es\/projeccio-a-lentorn-de-le-nozze-di-figaro\/"},"author":{"name":"amicsdelliceu","@id":"https:\/\/amicsliceu.com\/es\/#\/schema\/person\/85f0597494326deed30f87ce0123b00f"},"headline":"Proyecci\u00f3n al entorno de \u00abLe nozze di Figaro\u00bb","datePublished":"2026-04-27T09:37:28+00:00","dateModified":"2026-04-27T09:41:05+00:00","mainEntityOfPage":{"@id":"https:\/\/amicsliceu.com\/es\/projeccio-a-lentorn-de-le-nozze-di-figaro\/"},"wordCount":101,"publisher":{"@id":"https:\/\/amicsliceu.com\/es\/#organization"},"image":{"@id":"https:\/\/amicsliceu.com\/es\/projeccio-a-lentorn-de-le-nozze-di-figaro\/#primaryimage"},"thumbnailUrl":"https:\/\/amicsliceu.com\/wp-content\/uploads\/2026\/04\/FIGARO_019.-Paco-Amate-1-scaled.jpg","articleSection":["Actividades 2025-2026","Pr\u00f3ximas actividades"],"inLanguage":"es"},{"@type":"WebPage","@id":"https:\/\/amicsliceu.com\/es\/projeccio-a-lentorn-de-le-nozze-di-figaro\/","url":"https:\/\/amicsliceu.com\/es\/projeccio-a-lentorn-de-le-nozze-di-figaro\/","name":"Proyecci\u00f3n al entorno de \"Le nozze di Figaro\" - Amics del Liceu","isPartOf":{"@id":"https:\/\/amicsliceu.com\/es\/#website"},"primaryImageOfPage":{"@id":"https:\/\/amicsliceu.com\/es\/projeccio-a-lentorn-de-le-nozze-di-figaro\/#primaryimage"},"image":{"@id":"https:\/\/amicsliceu.com\/es\/projeccio-a-lentorn-de-le-nozze-di-figaro\/#primaryimage"},"thumbnailUrl":"https:\/\/amicsliceu.com\/wp-content\/uploads\/2026\/04\/FIGARO_019.-Paco-Amate-1-scaled.jpg","datePublished":"2026-04-27T09:37:28+00:00","dateModified":"2026-04-27T09:41:05+00:00","breadcrumb":{"@id":"https:\/\/amicsliceu.com\/es\/projeccio-a-lentorn-de-le-nozze-di-figaro\/#breadcrumb"},"inLanguage":"es","potentialAction":[{"@type":"ReadAction","target":["https:\/\/amicsliceu.com\/es\/projeccio-a-lentorn-de-le-nozze-di-figaro\/"]}]},{"@type":"ImageObject","inLanguage":"es","@id":"https:\/\/amicsliceu.com\/es\/projeccio-a-lentorn-de-le-nozze-di-figaro\/#primaryimage","url":"https:\/\/amicsliceu.com\/wp-content\/uploads\/2026\/04\/FIGARO_019.-Paco-Amate-1-scaled.jpg","contentUrl":"https:\/\/amicsliceu.com\/wp-content\/uploads\/2026\/04\/FIGARO_019.-Paco-Amate-1-scaled.jpg","width":2560,"height":1965},{"@type":"BreadcrumbList","@id":"https:\/\/amicsliceu.com\/es\/projeccio-a-lentorn-de-le-nozze-di-figaro\/#breadcrumb","itemListElement":[{"@type":"ListItem","position":1,"name":"Inicio","item":"https:\/\/amicsliceu.com\/es\/"},{"@type":"ListItem","position":2,"name":"Proyecci\u00f3n al entorno de &#8220;Le nozze di Figaro&#8221;"}]},{"@type":"WebSite","@id":"https:\/\/amicsliceu.com\/es\/#website","url":"https:\/\/amicsliceu.com\/es\/","name":"Amics del Liceu","description":"","publisher":{"@id":"https:\/\/amicsliceu.com\/es\/#organization"},"potentialAction":[{"@type":"SearchAction","target":{"@type":"EntryPoint","urlTemplate":"https:\/\/amicsliceu.com\/es\/?s={search_term_string}"},"query-input":{"@type":"PropertyValueSpecification","valueRequired":true,"valueName":"search_term_string"}}],"inLanguage":"es"},{"@type":"Organization","@id":"https:\/\/amicsliceu.com\/es\/#organization","name":"Amics del Liceu","url":"https:\/\/amicsliceu.com\/es\/","logo":{"@type":"ImageObject","inLanguage":"es","@id":"https:\/\/amicsliceu.com\/es\/#\/schema\/logo\/image\/","url":"http:\/\/amicsliceu.com\/wp-content\/uploads\/2019\/03\/logo.png","contentUrl":"http:\/\/amicsliceu.com\/wp-content\/uploads\/2019\/03\/logo.png","width":225,"height":92,"caption":"Amics del Liceu"},"image":{"@id":"https:\/\/amicsliceu.com\/es\/#\/schema\/logo\/image\/"}},{"@type":"Person","@id":"https:\/\/amicsliceu.com\/es\/#\/schema\/person\/85f0597494326deed30f87ce0123b00f","name":"amicsdelliceu","image":{"@type":"ImageObject","inLanguage":"es","@id":"https:\/\/amicsliceu.com\/es\/#\/schema\/person\/image\/","url":"https:\/\/secure.gravatar.com\/avatar\/5020097ee7953cd5faf719e49be1709e?s=96&d=mm&r=g","contentUrl":"https:\/\/secure.gravatar.com\/avatar\/5020097ee7953cd5faf719e49be1709e?s=96&d=mm&r=g","caption":"amicsdelliceu"},"url":"https:\/\/amicsliceu.com\/es\/author\/admin\/"}]}},"views":0,"_links":{"self":[{"href":"https:\/\/amicsliceu.com\/es\/wp-json\/wp\/v2\/posts\/24681"}],"collection":[{"href":"https:\/\/amicsliceu.com\/es\/wp-json\/wp\/v2\/posts"}],"about":[{"href":"https:\/\/amicsliceu.com\/es\/wp-json\/wp\/v2\/types\/post"}],"author":[{"embeddable":true,"href":"https:\/\/amicsliceu.com\/es\/wp-json\/wp\/v2\/users\/1"}],"replies":[{"embeddable":true,"href":"https:\/\/amicsliceu.com\/es\/wp-json\/wp\/v2\/comments?post=24681"}],"version-history":[{"count":2,"href":"https:\/\/amicsliceu.com\/es\/wp-json\/wp\/v2\/posts\/24681\/revisions"}],"predecessor-version":[{"id":24683,"href":"https:\/\/amicsliceu.com\/es\/wp-json\/wp\/v2\/posts\/24681\/revisions\/24683"}],"wp:featuredmedia":[{"embeddable":true,"href":"https:\/\/amicsliceu.com\/es\/wp-json\/wp\/v2\/media\/24679"}],"wp:attachment":[{"href":"https:\/\/amicsliceu.com\/es\/wp-json\/wp\/v2\/media?parent=24681"}],"wp:term":[{"taxonomy":"category","embeddable":true,"href":"https:\/\/amicsliceu.com\/es\/wp-json\/wp\/v2\/categories?post=24681"},{"taxonomy":"post_tag","embeddable":true,"href":"https:\/\/amicsliceu.com\/es\/wp-json\/wp\/v2\/tags?post=24681"}],"curies":[{"name":"wp","href":"https:\/\/api.w.org\/{rel}","templated":true}]}}